{"id":180843,"date":"2025-08-29T19:00:21","date_gmt":"2025-08-29T22:00:21","guid":{"rendered":"https:\/\/cdnoticias.com\/?p=180843"},"modified":"2025-08-29T19:00:23","modified_gmt":"2025-08-29T22:00:23","slug":"inta-el-gobierno-acepto-la-decision-de-la-justicia-y-freno-los-despidos","status":"publish","type":"post","link":"https:\/\/cdnoticias.com\/index.php\/2025\/08\/29\/inta-el-gobierno-acepto-la-decision-de-la-justicia-y-freno-los-despidos\/","title":{"rendered":"INTA: el Gobierno acept\u00f3 la decisi\u00f3n de la Justicia y fren\u00f3 los despidos"},"content":{"rendered":"\n<p>El juzgado federal de San Mart\u00edn dio lugar a una cautelar presentada por los gremios. Econom\u00eda notific\u00f3 al organismo y quedan sin efecto unos 300 despidos.<\/p>\n\n\n\n<hr class=\"wp-block-separator aligncenter has-alpha-channel-opacity\"\/>\n\n\n\n<p>El Ministerio de Econom\u00eda de la Naci\u00f3n notific\u00f3 al <strong>Instituto Nacional de Tecnolog\u00eda Agropecuaria (INTA)<\/strong> sobre el fallo de la Justicia Federal que ordena frenar cualquier reestructuraci\u00f3n vinculada al Decreto 462\/2025 y por<strong> ahora quedar\u00e1 sin efecto el despido de unos 300 trabajadores.<\/strong><\/p>\n\n\n\n<p><\/p>\n\n\n\n<p>La<strong> cautelar presentada por los gremios<\/strong> es contra la aplicaci\u00f3n del decreto 462\/2025 y de la resoluci\u00f3n 1240\/25 de la cartera que conduce Luis Caputo. Ahora, este organismo mand\u00f3 una nota interna al titular del INTA, Nicol\u00e1s Bronzovich, par<strong>a dejar sin efecto su decisi\u00f3n durante seis meses, <\/strong>hasta fines de febrero de 2026.<\/p>\n\n\n\n<p><\/p>\n\n\n\n<blockquote class=\"wp-block-quote is-layout-flow wp-block-quote-is-layout-flow\">\n<p>La medida surge a partir de la cautelar presentada por la Asociaci\u00f3n del Personal del INTA (APINTA) junto a la Asociaci\u00f3n de Trabajadores del Estado (ATE), con el objetivo de detener los despidos y reubicaciones que el Gobierno hab\u00eda dispuesto en el organismo. M\u00e1s all\u00e1 del formalismo, y si bien la carta no explicita los pasos a seguir, en la pr\u00e1ctica se anula los efectos de aquellas resoluciones. <\/p>\n<\/blockquote>\n\n\n\n<p><\/p>\n\n\n\n<p>El Juzgado Federal en lo Civil, Comercial y Contencioso Administrativo de San Mart\u00edn, a cargo de la jueza Martina Isabel Forns, resolvi\u00f3 que el Ejecutivo Nacional <strong><em>\u201cdeber\u00e1 abstenerse de ejecutar cualquier acto administrativo que derive de la aplicaci\u00f3n del Decreto N\u00b0 462\/2025, art\u00edculos 59 a 69\u201d. <\/em><\/strong>Ese decreto hab\u00eda modificado la estructura organizativa del INTA y del INTI, y adem\u00e1s dispuso la disoluci\u00f3n del INASE, entre otros organismos.<\/p>\n\n\n\n<p><\/p>\n\n\n\n<p>Esta noticia se da luego de que la semana pasada <strong>se pusieran en disponibilidad 286 trabajadores del INTA, <\/strong>en la resoluci\u00f3n 1240\/25 del Ministerio de Econom\u00eda.\u00a0 Fue ah\u00ed que escal\u00f3 r\u00e1pidamente a la esfera judicial y Forns intim\u00f3 al Estado para el <strong>\u201cinmediato cumplimiento de la medida cautelar<\/strong>\u201d que suspend\u00eda la efectivizaci\u00f3n de esta disponibilidad.\u00a0<\/p>\n\n\n\n<p><\/p>\n\n\n\n<p><em>Fuente: DIB&nbsp;<\/em><\/p>\n\n\n\n<p><\/p>\n","protected":false},"excerpt":{"rendered":"<p>El juzgado federal de San Mart\u00edn dio lugar a una cautelar presentada por los gremios. Econom\u00eda notific\u00f3 al organismo y<\/p>\n","protected":false},"author":6,"featured_media":173768,"comment_status":"closed","ping_status":"closed","sticky":false,"template":"","format":"standard","meta":{"_jetpack_memberships_contains_paid_content":false,"footnotes":""},"categories":[6,1],"tags":[],"class_list":["post-180843","post","type-post","status-publish","format-standard","has-post-thumbnail","hentry","category-nacionales","category-portada"],"jetpack_featured_media_url":"https:\/\/i0.wp.com\/cdnoticias.com\/wp-content\/uploads\/2025\/06\/inta.jpg?fit=900%2C600&ssl=1","jetpack_sharing_enabled":true,"_links":{"self":[{"href":"https:\/\/cdnoticias.com\/index.php\/wp-json\/wp\/v2\/posts\/180843","targetHints":{"allow":["GET"]}}],"collection":[{"href":"https:\/\/cdnoticias.com\/index.php\/wp-json\/wp\/v2\/posts"}],"about":[{"href":"https:\/\/cdnoticias.com\/index.php\/wp-json\/wp\/v2\/types\/post"}],"author":[{"embeddable":true,"href":"https:\/\/cdnoticias.com\/index.php\/wp-json\/wp\/v2\/users\/6"}],"replies":[{"embeddable":true,"href":"https:\/\/cdnoticias.com\/index.php\/wp-json\/wp\/v2\/comments?post=180843"}],"version-history":[{"count":0,"href":"https:\/\/cdnoticias.com\/index.php\/wp-json\/wp\/v2\/posts\/180843\/revisions"}],"wp:featuredmedia":[{"embeddable":true,"href":"https:\/\/cdnoticias.com\/index.php\/wp-json\/wp\/v2\/media\/173768"}],"wp:attachment":[{"href":"https:\/\/cdnoticias.com\/index.php\/wp-json\/wp\/v2\/media?parent=180843"}],"wp:term":[{"taxonomy":"category","embeddable":true,"href":"https:\/\/cdnoticias.com\/index.php\/wp-json\/wp\/v2\/categories?post=180843"},{"taxonomy":"post_tag","embeddable":true,"href":"https:\/\/cdnoticias.com\/index.php\/wp-json\/wp\/v2\/tags?post=180843"}],"curies":[{"name":"wp","href":"https:\/\/api.w.org\/{rel}","templated":true}]}}