{"id":180836,"date":"2025-08-29T20:07:19","date_gmt":"2025-08-29T23:07:19","guid":{"rendered":"https:\/\/cdnoticias.com\/?p=180836"},"modified":"2025-08-29T20:07:21","modified_gmt":"2025-08-29T23:07:21","slug":"el-instituto-privado-sierras-bayas-fue-el-ganador-del-concurso-juventudes-ecologicas","status":"publish","type":"post","link":"https:\/\/cdnoticias.com\/index.php\/2025\/08\/29\/el-instituto-privado-sierras-bayas-fue-el-ganador-del-concurso-juventudes-ecologicas\/","title":{"rendered":"El Instituto Privado Sierras Bayas fue el ganador del concurso \u201cJuventudes Ecol\u00f3gicas\u201d"},"content":{"rendered":"\n<p>La jornada cont\u00f3 con la participaci\u00f3n de alrededor de 300 adolescentes, quienes celebraron los logros de sus pares y compartieron experiencias en torno al cuidado del ambiente.<\/p>\n\n\n\n<hr class=\"wp-block-separator aligncenter has-alpha-channel-opacity\"\/>\n\n\n\n<p>Este viernes por la ma\u00f1ana, en el Sal\u00f3n Municipal Rivadavia, se llev\u00f3 a cabo la <strong>premiaci\u00f3n del concurso \u201cJuventudes EcoL\u00f3gicas\u201d, <\/strong>una iniciativa del Programa Municipal de Est\u00edmulo a Proyectos Socio-comunitarios con Impacto Ambiental <strong>destinada a estudiantes del Ciclo B\u00e1sico de escuelas secundarias <\/strong>del Partido de Olavarr\u00eda.<\/p>\n\n\n\n<p><\/p>\n\n\n\n<p>La jornada cont\u00f3 con la<strong> participaci\u00f3n de alrededor de 300 adolescentes, <\/strong>quienes celebraron los logros de sus pares y <strong>compartieron experiencias en torno al cuidado del ambiente.<\/strong><\/p>\n\n\n\n<p><\/p>\n\n\n\n<p>El acto de premiaci\u00f3n fue encabezado por el intendente Maximiliano Wesner, acompa\u00f1ado por la subsecretaria de Protecci\u00f3n Integral de Derechos, Malena Pianciola; la Jefa Regional de Educaci\u00f3n de Gesti\u00f3n Estatal, Marta Casanella, la Jefa Regional de Educaci\u00f3n de Gesti\u00f3n Privada Romina Altafini, el Jefe Distrital Julio Ben\u00edtez y dem\u00e1s autoridades distritales de Educaci\u00f3n del nivel secundario.<\/p>\n\n\n\n<p><\/p>\n\n\n\n<blockquote class=\"wp-block-quote is-layout-flow wp-block-quote-is-layout-flow\">\n<p>Las propuestas que participaron del certamen abordan tem\u00e1ticas como reciclaje y reutilizaci\u00f3n de materiales; concientizaci\u00f3n ambiental y solidaria en la comunidad; protecci\u00f3n de los animales; y acciones de reforestaci\u00f3n y compostaje, desarrollados por estudiantes de 15 establecimientos educativos de la ciudad y localidades serranas.\u00a0<\/p>\n<\/blockquote>\n\n\n\n<p><\/p>\n\n\n\n<figure class=\"wp-block-image aligncenter size-full\"><img data-recalc-dims=\"1\" loading=\"lazy\" decoding=\"async\" width=\"800\" height=\"533\" src=\"https:\/\/i0.wp.com\/cdnoticias.com\/wp-content\/uploads\/2025\/08\/juventudes-ecologicas1.jpg?resize=800%2C533&#038;ssl=1\" alt=\"\" class=\"wp-image-180839\" srcset=\"https:\/\/i0.wp.com\/cdnoticias.com\/wp-content\/uploads\/2025\/08\/juventudes-ecologicas1.jpg?w=900&amp;ssl=1 900w, https:\/\/i0.wp.com\/cdnoticias.com\/wp-content\/uploads\/2025\/08\/juventudes-ecologicas1.jpg?resize=300%2C200&amp;ssl=1 300w, https:\/\/i0.wp.com\/cdnoticias.com\/wp-content\/uploads\/2025\/08\/juventudes-ecologicas1.jpg?resize=768%2C512&amp;ssl=1 768w, https:\/\/i0.wp.com\/cdnoticias.com\/wp-content\/uploads\/2025\/08\/juventudes-ecologicas1.jpg?resize=272%2C182&amp;ssl=1 272w\" sizes=\"auto, (max-width: 800px) 100vw, 800px\" \/><\/figure>\n\n\n\n<p><\/p>\n\n\n\n<p>Cada propuesta demostr\u00f3 un enfoque innovador y participativo, promoviendo la acci\u00f3n comunitaria y la reflexi\u00f3n sobre la importancia del cuidado del ambiente en la vida cotidiana. La evaluaci\u00f3n de los proyectos estuvo a cargo de un jurado de referentes del \u00e1mbito educativo, integrado por J<strong>ulio Ben\u00edtez, Romina Altafini, Bel\u00e9n Abrahan, Casandra Leissarrague y Marina Teuly.<\/strong><\/p>\n\n\n\n<p><\/p>\n\n\n\n<blockquote class=\"wp-block-quote is-layout-flow wp-block-quote-is-layout-flow\">\n<p>La iniciativa seleccionada result\u00f3 ser el proyecto del Instituto Privado Sierras Bayas<em> \u201cDe la Cocina al Laboratorio\u201d,<\/em> que prev\u00e9 la reutilizaci\u00f3n de aceite de cocina para elaborar jab\u00f3n artesanal\u00a0 con el fin de reducir la contaminaci\u00f3n ambiental y promover pr\u00e1cticas sustentables.\u00a0<\/p>\n<\/blockquote>\n\n\n\n<p><\/p>\n\n\n\n<p>El establecimiento <strong>recibir\u00e1 como premio un proyector digital y \u00e1rboles para plantar donde consideren oportuno.<\/strong> La jornada incluy\u00f3 la entrega de reconocimientos institucionales a todos los establecimientos, resaltando el valor de la participaci\u00f3n juvenil y el trabajo colaborativo. Asimismo, se destac\u00f3 la labor de las escuelas y docentes, que acompa\u00f1aron y orientaron a los estudiantes durante todo el proceso de elaboraci\u00f3n de los proyectos.<\/p>\n\n\n\n<p><\/p>\n\n\n\n<figure class=\"wp-block-image aligncenter size-full\"><img data-recalc-dims=\"1\" loading=\"lazy\" decoding=\"async\" width=\"800\" height=\"533\" src=\"https:\/\/i0.wp.com\/cdnoticias.com\/wp-content\/uploads\/2025\/08\/juventudes-ecologicas2.jpg?resize=800%2C533&#038;ssl=1\" alt=\"\" class=\"wp-image-180838\" srcset=\"https:\/\/i0.wp.com\/cdnoticias.com\/wp-content\/uploads\/2025\/08\/juventudes-ecologicas2.jpg?w=900&amp;ssl=1 900w, https:\/\/i0.wp.com\/cdnoticias.com\/wp-content\/uploads\/2025\/08\/juventudes-ecologicas2.jpg?resize=300%2C200&amp;ssl=1 300w, https:\/\/i0.wp.com\/cdnoticias.com\/wp-content\/uploads\/2025\/08\/juventudes-ecologicas2.jpg?resize=768%2C512&amp;ssl=1 768w, https:\/\/i0.wp.com\/cdnoticias.com\/wp-content\/uploads\/2025\/08\/juventudes-ecologicas2.jpg?resize=272%2C182&amp;ssl=1 272w\" sizes=\"auto, (max-width: 800px) 100vw, 800px\" \/><\/figure>\n\n\n\n<p><\/p>\n\n\n\n<p>Al realizar un balance de la actividad, la subsecretaria de Protecci\u00f3n Integral de Derechos, Malena Pianciola, expres\u00f3: \u201c<em>El concurso Juventudes EcoL\u00f3gicas demuestra el compromiso, la <strong>creatividad y la conciencia ambiental de nuestras juventudes.<\/strong> Estas propuestas no solo promueven el cuidado del ambiente, sino que fortalecen la participaci\u00f3n comunitaria y el trabajo colaborativo entre estudiantes, familias y escuelas. Agradecemos especialmente a las instituciones educativas por sumarse a esta propuesta y acompa\u00f1ar a sus estudiantes, <strong>fomentando la construcci\u00f3n de comunidades m\u00e1s justas, conscientes y sostenibles\u201d<\/strong>.<\/em><\/p>\n\n\n\n<p><\/p>\n","protected":false},"excerpt":{"rendered":"<p>La jornada cont\u00f3 con la participaci\u00f3n de alrededor de 300 adolescentes, quienes celebraron los logros de sus pares y compartieron<\/p>\n","protected":false},"author":6,"featured_media":180837,"comment_status":"closed","ping_status":"closed","sticky":false,"template":"","format":"standard","meta":{"_jetpack_memberships_contains_paid_content":false,"footnotes":""},"categories":[5,1],"tags":[],"class_list":["post-180836","post","type-post","status-publish","format-standard","has-post-thumbnail","hentry","category-informacion-general","category-portada"],"jetpack_featured_media_url":"https:\/\/i0.wp.com\/cdnoticias.com\/wp-content\/uploads\/2025\/08\/juventudes-ecologicas3.jpg?fit=900%2C600&ssl=1","jetpack_sharing_enabled":true,"_links":{"self":[{"href":"https:\/\/cdnoticias.com\/index.php\/wp-json\/wp\/v2\/posts\/180836","targetHints":{"allow":["GET"]}}],"collection":[{"href":"https:\/\/cdnoticias.com\/index.php\/wp-json\/wp\/v2\/posts"}],"about":[{"href":"https:\/\/cdnoticias.com\/index.php\/wp-json\/wp\/v2\/types\/post"}],"author":[{"embeddable":true,"href":"https:\/\/cdnoticias.com\/index.php\/wp-json\/wp\/v2\/users\/6"}],"replies":[{"embeddable":true,"href":"https:\/\/cdnoticias.com\/index.php\/wp-json\/wp\/v2\/comments?post=180836"}],"version-history":[{"count":0,"href":"https:\/\/cdnoticias.com\/index.php\/wp-json\/wp\/v2\/posts\/180836\/revisions"}],"wp:featuredmedia":[{"embeddable":true,"href":"https:\/\/cdnoticias.com\/index.php\/wp-json\/wp\/v2\/media\/180837"}],"wp:attachment":[{"href":"https:\/\/cdnoticias.com\/index.php\/wp-json\/wp\/v2\/media?parent=180836"}],"wp:term":[{"taxonomy":"category","embeddable":true,"href":"https:\/\/cdnoticias.com\/index.php\/wp-json\/wp\/v2\/categories?post=180836"},{"taxonomy":"post_tag","embeddable":true,"href":"https:\/\/cdnoticias.com\/index.php\/wp-json\/wp\/v2\/tags?post=180836"}],"curies":[{"name":"wp","href":"https:\/\/api.w.org\/{rel}","templated":true}]}}