{"id":180799,"date":"2025-08-29T17:30:34","date_gmt":"2025-08-29T20:30:34","guid":{"rendered":"https:\/\/cdnoticias.com\/?p=180799"},"modified":"2025-08-29T17:30:36","modified_gmt":"2025-08-29T20:30:36","slug":"dia-nacional-del-arbol-plantacion-junto-a-combatientes-de-malvinas","status":"publish","type":"post","link":"https:\/\/cdnoticias.com\/index.php\/2025\/08\/29\/dia-nacional-del-arbol-plantacion-junto-a-combatientes-de-malvinas\/","title":{"rendered":"D\u00eda Nacional del \u00c1rbol: plantaci\u00f3n junto a combatientes de Malvinas\u00a0"},"content":{"rendered":"\n<p>Se llev\u00f3 a cabo la plantaci\u00f3n de un total de 19 \u00e1rboles, de distintas especies, que fueron donados desde el Colegio de Ingenieros Agr\u00f3nomos de la Provincia de Buenos Aires.<\/p>\n\n\n\n<hr class=\"wp-block-separator aligncenter has-alpha-channel-opacity\"\/>\n\n\n\n<p>En la ma\u00f1ana de este jueves se concret\u00f3 una <strong>nueva jornada de plantaci\u00f3n enmarcada en la Semana del \u00c1rbol<\/strong>, una propuesta que es desplegada de manera conjunta y articulada entre la Direcci\u00f3n de Desarrollo Agropecuario, la Coordinaci\u00f3n de Espacios Verdes, el INTA y el Colegio de Ingenieros Agr\u00f3nomos.\u00a0<\/p>\n\n\n\n<p><\/p>\n\n\n\n<p>Adem\u00e1s, para la ocasi\u00f3n<strong> se invit\u00f3 a combatientes de Malvinas e integrantes de la agrupaci\u00f3n Generaci\u00f3n Malvinas<\/strong>, dado que la actividad se desarroll\u00f3 en la <strong>plaza ubicada a metros de la Biblioteca Popular \u201cCrucero General Belgrano\u201d.<\/strong><\/p>\n\n\n\n<p><\/p>\n\n\n\n<blockquote class=\"wp-block-quote is-layout-flow wp-block-quote-is-layout-flow\">\n<p>Se llev\u00f3 a cabo la plantaci\u00f3n de un total de 19 \u00e1rboles, de distintas especies, que fueron donados desde el Colegio de Ingenieros Agr\u00f3nomos de la Provincia de Buenos Aires.\u00a0<\/p>\n<\/blockquote>\n\n\n\n<p><\/p>\n\n\n\n<p>Se recuerda que<strong> jornadas de similares caracter\u00edsticas se efectuaron en los \u00faltimos d\u00edas en los jardines N\u00b0 928 y N\u00b0 902<\/strong>, de las cuales tomaron parte integrantes de toda la comunidad educativa.<\/p>\n\n\n\n<p><\/p>\n\n\n\n<figure class=\"wp-block-image aligncenter size-full\"><img data-recalc-dims=\"1\" loading=\"lazy\" decoding=\"async\" width=\"800\" height=\"522\" src=\"https:\/\/i0.wp.com\/cdnoticias.com\/wp-content\/uploads\/2025\/08\/dia-del-arbol-malvinas.jpg?resize=800%2C522&#038;ssl=1\" alt=\"\" class=\"wp-image-180803\" srcset=\"https:\/\/i0.wp.com\/cdnoticias.com\/wp-content\/uploads\/2025\/08\/dia-del-arbol-malvinas.jpg?w=899&amp;ssl=1 899w, https:\/\/i0.wp.com\/cdnoticias.com\/wp-content\/uploads\/2025\/08\/dia-del-arbol-malvinas.jpg?resize=300%2C196&amp;ssl=1 300w, https:\/\/i0.wp.com\/cdnoticias.com\/wp-content\/uploads\/2025\/08\/dia-del-arbol-malvinas.jpg?resize=768%2C501&amp;ssl=1 768w\" sizes=\"auto, (max-width: 800px) 100vw, 800px\" \/><\/figure>\n\n\n\n<p><\/p>\n\n\n\n<p><strong>\u201cEl 29 de agosto es el D\u00eda Nacional del \u00e1rbol y en conmemoraci\u00f3n de eso estamos en esta plazoleta, poni\u00e9ndola en valor junto a combatientes de Malvinas\u201d, <\/strong>expres\u00f3 la directora de Desarrollo Agropecuario Mar\u00eda In\u00e9s Gonz\u00e1lez.<\/p>\n\n\n\n<p><\/p>\n\n\n\n<p>Jos\u00e9 Duhau, combatiente de Malvinas y referente de la Agrupaci\u00f3n de Veteranos de Guerra 2 de Abril, agradeci\u00f3 <em>\u201cser invitados a este tipo de de acciones, que hacen embellecer a nuestra ciudad y darle el valor que tiene en los espacios verdes, para los chicos, para los grandes, para poder disfrutar\u201d<\/em>.<\/p>\n\n\n\n<p><\/p>\n\n\n\n<p>El programa de actividades alusivas continu\u00f3 este viernes 29 de agosto, en horas de la ma\u00f1ana, en el predio municipal de Bromatolog\u00eda de avenida 5493, donde <strong>se plantaron 30 nuevos \u00e1rboles.<\/strong><\/p>\n\n\n\n<p><\/p>\n\n\n\n<p>Por \u00faltimo, se recuerda que este viernes tambi\u00e9n se llevar\u00e1 a cabo la <strong>charla abierta \u201cBases para una nueva gesti\u00f3n del arbolado urbano\u201d desde las 18:30 horas, en el Centro Cultural \u201cSan Jos\u00e9\u201d, <\/strong>con<strong> entrada libre y gratuita.<\/strong> Se trata de una jornada de capacitaci\u00f3n abierta a toda la comunidad, que ser\u00e1 dictada por el Ingeniero Agr\u00f3nomo<strong> Juan Francisco Bardi.\u00a0<\/strong><\/p>\n\n\n\n<p><\/p>\n\n\n\n<figure class=\"wp-block-image aligncenter size-full\"><img data-recalc-dims=\"1\" loading=\"lazy\" decoding=\"async\" width=\"800\" height=\"515\" src=\"https:\/\/i0.wp.com\/cdnoticias.com\/wp-content\/uploads\/2025\/08\/dia-del-arbol-malvinas3.jpg?resize=800%2C515&#038;ssl=1\" alt=\"\" class=\"wp-image-180801\" srcset=\"https:\/\/i0.wp.com\/cdnoticias.com\/wp-content\/uploads\/2025\/08\/dia-del-arbol-malvinas3.jpg?w=893&amp;ssl=1 893w, https:\/\/i0.wp.com\/cdnoticias.com\/wp-content\/uploads\/2025\/08\/dia-del-arbol-malvinas3.jpg?resize=300%2C193&amp;ssl=1 300w, https:\/\/i0.wp.com\/cdnoticias.com\/wp-content\/uploads\/2025\/08\/dia-del-arbol-malvinas3.jpg?resize=768%2C495&amp;ssl=1 768w\" sizes=\"auto, (max-width: 800px) 100vw, 800px\" \/><\/figure>\n\n\n\n<p><\/p>\n\n\n\n<p><\/p>\n","protected":false},"excerpt":{"rendered":"<p>Se llev\u00f3 a cabo la plantaci\u00f3n de un total de 19 \u00e1rboles, de distintas especies, que fueron donados desde el<\/p>\n","protected":false},"author":6,"featured_media":180802,"comment_status":"closed","ping_status":"closed","sticky":false,"template":"","format":"standard","meta":{"_jetpack_memberships_contains_paid_content":false,"footnotes":""},"categories":[5,1],"tags":[],"class_list":["post-180799","post","type-post","status-publish","format-standard","has-post-thumbnail","hentry","category-informacion-general","category-portada"],"jetpack_featured_media_url":"https:\/\/i0.wp.com\/cdnoticias.com\/wp-content\/uploads\/2025\/08\/dia-del-arbol-malvinas1.jpg?fit=900%2C599&ssl=1","jetpack_sharing_enabled":true,"_links":{"self":[{"href":"https:\/\/cdnoticias.com\/index.php\/wp-json\/wp\/v2\/posts\/180799","targetHints":{"allow":["GET"]}}],"collection":[{"href":"https:\/\/cdnoticias.com\/index.php\/wp-json\/wp\/v2\/posts"}],"about":[{"href":"https:\/\/cdnoticias.com\/index.php\/wp-json\/wp\/v2\/types\/post"}],"author":[{"embeddable":true,"href":"https:\/\/cdnoticias.com\/index.php\/wp-json\/wp\/v2\/users\/6"}],"replies":[{"embeddable":true,"href":"https:\/\/cdnoticias.com\/index.php\/wp-json\/wp\/v2\/comments?post=180799"}],"version-history":[{"count":0,"href":"https:\/\/cdnoticias.com\/index.php\/wp-json\/wp\/v2\/posts\/180799\/revisions"}],"wp:featuredmedia":[{"embeddable":true,"href":"https:\/\/cdnoticias.com\/index.php\/wp-json\/wp\/v2\/media\/180802"}],"wp:attachment":[{"href":"https:\/\/cdnoticias.com\/index.php\/wp-json\/wp\/v2\/media?parent=180799"}],"wp:term":[{"taxonomy":"category","embeddable":true,"href":"https:\/\/cdnoticias.com\/index.php\/wp-json\/wp\/v2\/categories?post=180799"},{"taxonomy":"post_tag","embeddable":true,"href":"https:\/\/cdnoticias.com\/index.php\/wp-json\/wp\/v2\/tags?post=180799"}],"curies":[{"name":"wp","href":"https:\/\/api.w.org\/{rel}","templated":true}]}}