{"id":180794,"date":"2025-08-30T14:30:05","date_gmt":"2025-08-30T17:30:05","guid":{"rendered":"https:\/\/cdnoticias.com\/?p=180794"},"modified":"2025-08-30T14:30:07","modified_gmt":"2025-08-30T17:30:07","slug":"dia-de-la-embarazada-la-importancia-de-los-controles-prenatales","status":"publish","type":"post","link":"https:\/\/cdnoticias.com\/index.php\/2025\/08\/30\/dia-de-la-embarazada-la-importancia-de-los-controles-prenatales\/","title":{"rendered":"D\u00eda de la Embarazada: la importancia de los controles prenatales"},"content":{"rendered":"\n<p>Este domingo 31 agosto es una fecha que invita a reflexionar sobre los cuidados durante este per\u00edodo. En el pa\u00eds, estos controles lograron reducir la tasa de mortalidad materna de 80\/100.000 embarazos en 2000 a 33\/100.000 en 2023.<\/p>\n\n\n\n<hr class=\"wp-block-separator aligncenter has-alpha-channel-opacity\"\/>\n\n\n\n<p>El<strong> 31 de agosto<\/strong> -d\u00eda de San Ram\u00f3n Nonato, patrono de las parturientas &#8211; se conmemora el <strong>D\u00eda de la Obstetricia y de la Embarazada,<\/strong> una fecha que invita a reflexionar sobre los<strong> cuidados durante el embarazo y la importancia de los controles prenatales<\/strong> para la salud de la madre y el beb\u00e9.<\/p>\n\n\n\n<p><\/p>\n\n\n\n<p>Seg\u00fan la Organizaci\u00f3n Mundial de la Salud (OMS), <strong>los controles prenatales deben ser tempranos<\/strong> -idealmente antes de las 12 semanas-,<strong> regulares<\/strong> (al menos ocho durante todo el embarazo, con mayor frecuencia en el \u00faltimo trimestre),<strong> integrales, de alta calidad, accesibles y centrados en la mujer<\/strong>, <strong>respetando siempre su autonom\u00eda y dignidad.<\/strong><\/p>\n\n\n\n<p><\/p>\n\n\n\n<p><em>\u201cEstos controles no solo permiten<strong> evaluar el desarrollo del embarazo y detectar de forma temprana posibles complicaciones <\/strong>sino que tambi\u00e9n fortalecen el v\u00ednculo entre la embarazada, su familia y el equipo de salud. En cada consulta, la mujer encuentra un <strong>espacio de contenci\u00f3n, orientaci\u00f3n y confianza<\/strong> para resolver dudas y recibir acompa\u00f1amiento\u201d,<\/em> explic\u00f3 la doctora <strong>Valeria Valko<\/strong>, ginec\u00f3loga de OSPEDYC.<\/p>\n\n\n\n<p><\/p>\n\n\n\n<p><strong>Monitoreos y medidas preventivas<\/strong><\/p>\n\n\n\n<p><\/p>\n\n\n\n<blockquote class=\"wp-block-quote is-layout-flow wp-block-quote-is-layout-flow\">\n<p>Durante estos controles se monitorea el crecimiento fetal mediante la medici\u00f3n de la altura uterina, la escucha de latidos y la realizaci\u00f3n de ecograf\u00edas cuando est\u00e1n indicadas. Tambi\u00e9n se controlan par\u00e1metros como la tensi\u00f3n arterial, el peso materno y los an\u00e1lisis de laboratorio, fundamentales para detectar complicaciones como hipertensi\u00f3n, diabetes gestacional o problemas en el crecimiento del beb\u00e9.<\/p>\n<\/blockquote>\n\n\n\n<p><\/p>\n\n\n\n<p>\u201cLos controles \u2013contin\u00faa Valko-,<strong> incluyen medidas preventivas como la aplicaci\u00f3n de vacunas, la suplementaci\u00f3n con hierro y \u00e1cido f\u00f3lico, y la entrega de pautas sobre alimentaci\u00f3n saludable, actividad f\u00edsica y se\u00f1ales de alerta<\/strong>. Este seguimiento tambi\u00e9n prepara a la mujer para el momento del parto, ayud\u00e1ndola a saber qu\u00e9 esperar y c\u00f3mo atravesar el proceso de forma informada y segura\u201d.<\/p>\n\n\n\n<p><\/p>\n\n\n\n<p><strong>Abordaje integral<\/strong><\/p>\n\n\n\n<blockquote class=\"wp-block-quote is-layout-flow wp-block-quote-is-layout-flow\">\n<p>La tasa de mortalidad materna en Argentina ha disminuido de 80 (2000) a 33 (2023), lo que indica que es inferior al promedio regional. La tasa de mortalidad materna se refiere al n\u00famero de mujeres que fallecen por causas relacionadas con el embarazo durante el mismo o dentro de los 42 d\u00edas posteriores a la interrupci\u00f3n del mismo por cada 100.000 nacidos vivos.<\/p>\n<\/blockquote>\n\n\n\n<p><\/p>\n\n\n\n<p>Est\u00e1 comprobado que<strong> el acceso a controles prenatales de calidad reduce de manera significativa la mortalidad materna y neonatal.<\/strong> Un abordaje integral \u2014que contemple tanto la salud f\u00edsica como el bienestar emocional\u2014 permite<strong> transitar el embarazo con mayor seguridad, confianza y tranquilidad.<\/strong><\/p>\n\n\n\n<p><\/p>\n\n\n\n<p><em>\u201cCuidar a la madre y al beb\u00e9 desde el inicio es fundamental. Por eso, invitamos a todas las embarazadas a mantener sus controles al d\u00eda y a consultar con su obstetra ante cualquier duda. La prevenci\u00f3n y el acompa\u00f1amiento son las mejores herramientas para un embarazo saludable y un comienzo de vida lleno de oportunidades\u201d, f<\/em>inaliz\u00f3 Valko.&nbsp;<\/p>\n\n\n\n<p><\/p>\n\n\n\n<p><em>Fuente: DIB<\/em><\/p>\n\n\n\n<p><\/p>\n","protected":false},"excerpt":{"rendered":"<p>Este domingo 31 agosto es una fecha que invita a reflexionar sobre los cuidados durante este per\u00edodo. En el pa\u00eds,<\/p>\n","protected":false},"author":6,"featured_media":38450,"comment_status":"closed","ping_status":"closed","sticky":false,"template":"","format":"standard","meta":{"_jetpack_memberships_contains_paid_content":false,"footnotes":""},"categories":[6,1],"tags":[],"class_list":["post-180794","post","type-post","status-publish","format-standard","has-post-thumbnail","hentry","category-nacionales","category-portada"],"jetpack_featured_media_url":"https:\/\/i0.wp.com\/cdnoticias.com\/wp-content\/uploads\/2021\/11\/embarazada.jpeg?fit=950%2C475&ssl=1","jetpack_sharing_enabled":true,"_links":{"self":[{"href":"https:\/\/cdnoticias.com\/index.php\/wp-json\/wp\/v2\/posts\/180794","targetHints":{"allow":["GET"]}}],"collection":[{"href":"https:\/\/cdnoticias.com\/index.php\/wp-json\/wp\/v2\/posts"}],"about":[{"href":"https:\/\/cdnoticias.com\/index.php\/wp-json\/wp\/v2\/types\/post"}],"author":[{"embeddable":true,"href":"https:\/\/cdnoticias.com\/index.php\/wp-json\/wp\/v2\/users\/6"}],"replies":[{"embeddable":true,"href":"https:\/\/cdnoticias.com\/index.php\/wp-json\/wp\/v2\/comments?post=180794"}],"version-history":[{"count":0,"href":"https:\/\/cdnoticias.com\/index.php\/wp-json\/wp\/v2\/posts\/180794\/revisions"}],"wp:featuredmedia":[{"embeddable":true,"href":"https:\/\/cdnoticias.com\/index.php\/wp-json\/wp\/v2\/media\/38450"}],"wp:attachment":[{"href":"https:\/\/cdnoticias.com\/index.php\/wp-json\/wp\/v2\/media?parent=180794"}],"wp:term":[{"taxonomy":"category","embeddable":true,"href":"https:\/\/cdnoticias.com\/index.php\/wp-json\/wp\/v2\/categories?post=180794"},{"taxonomy":"post_tag","embeddable":true,"href":"https:\/\/cdnoticias.com\/index.php\/wp-json\/wp\/v2\/tags?post=180794"}],"curies":[{"name":"wp","href":"https:\/\/api.w.org\/{rel}","templated":true}]}}