{"id":180791,"date":"2025-08-29T18:30:11","date_gmt":"2025-08-29T21:30:11","guid":{"rendered":"https:\/\/cdnoticias.com\/?p=180791"},"modified":"2025-08-29T18:30:12","modified_gmt":"2025-08-29T21:30:12","slug":"la-provincia-dispuso-que-el-transporte-sera-gratuito-los-dias-de-las-elecciones","status":"publish","type":"post","link":"https:\/\/cdnoticias.com\/index.php\/2025\/08\/29\/la-provincia-dispuso-que-el-transporte-sera-gratuito-los-dias-de-las-elecciones\/","title":{"rendered":"La Provincia dispuso que el transporte ser\u00e1 gratuito los d\u00edas de las elecciones"},"content":{"rendered":"\n<p>Alcanza al transporte automotor y fluvial de pasajeros. Es para las elecciones del 7 de septiembre y 26 de octubre de 2025.<\/p>\n\n\n\n<hr class=\"wp-block-separator aligncenter has-alpha-channel-opacity\"\/>\n\n\n\n<p>El <strong>Gobierno bonaerense dispuso la gratuidad del servicio p\u00fablico de transporte automotor y fluvial de pasajeros para las elecciones del 7 de septiembre y del 26 de octubre de 2025.<\/strong> As\u00ed lo dispuso el Ministerio de Transporte mediante la Resoluci\u00f3n 231.<\/p>\n\n\n\n<p><\/p>\n\n\n\n<blockquote class=\"wp-block-quote is-layout-flow wp-block-quote-is-layout-flow\">\n<p>La medida abarca los servicios regulares urbanos, interurbanos de media y larga distancia, as\u00ed como el transporte fluvial del Delta del Paran\u00e1, garantizando el acceso de todos los bonaerenses a sus lugares de votaci\u00f3n.<\/p>\n<\/blockquote>\n\n\n\n<p><\/p>\n\n\n\n<p>De esta manera<strong>, la medida busca incentivar que el ciudadano vaya a votar<\/strong>, teniendo en cuenta que en si se toman los ocho comicios provinciales que se disputaron hasta ahora en el a\u00f1o, se desprende que la participaci\u00f3n cay\u00f3 19 puntos respecto del promedio hist\u00f3rico.<\/p>\n\n\n\n<p><\/p>\n\n\n\n<p><strong><em>\u201cNuestra responsabilidad es garantizar que ning\u00fan ciudadano o ciudadana vea limitado su derecho al voto por no poder acceder al transporte. El servicio gratuito en las jornadas electorales es una herramienta fundamental para asegurar la participaci\u00f3n democr\u00e1tica y la igualdad de oportunidades\u201d,<\/em><\/strong> dijo el ministro de Transporte, Mart\u00edn Marinucci.<\/p>\n\n\n\n<p><\/p>\n\n\n\n<blockquote class=\"wp-block-quote is-layout-flow wp-block-quote-is-layout-flow\">\n<p>Asimismo, destac\u00f3: \u201cEl transporte p\u00fablico no solo es un medio de movilidad, sino tambi\u00e9n un instrumento de integraci\u00f3n y de fortalecimiento institucional. Por eso, hemos dispuesto que las empresas refuercen sus frecuencias para que todos puedan viajar de manera \u00e1gil y segura\u201d.<\/p>\n<\/blockquote>\n\n\n\n<p><\/p>\n\n\n\n<p>Finalmente, <strong>el Ministerio invit\u00f3 a los municipios bonaerenses a adherir a esta medida<\/strong>, reafirmando el compromiso de la gesti\u00f3n con el acceso universal al sufragio y el fortalecimiento de la democracia.<\/p>\n\n\n\n<p><\/p>\n\n\n\n<p class=\"has-medium-font-size\"><strong>Qu\u00e9 se elige en las elecciones de septiembre<\/strong><\/p>\n\n\n\n<p>La elecci\u00f3n del 7 de septiembre elige<strong> representantes provinciales y municipales.<\/strong> Por un lado, se renueva la mitad de cada c\u00e1mara: <strong>46 diputados y 23 senadores<\/strong> y cada una de las ocho secciones electorales en la que est\u00e1 dividida la provincia renueva la totalidad de sus representantes en una de las dos c\u00e1maras.<\/p>\n\n\n\n<p><\/p>\n\n\n\n<p>En cuatro secciones<strong> se renuevan senadores<\/strong> (Primera, Cuarta, Quinta y S\u00e9ptima) y en las otras cuatro <strong>se eligen diputados<\/strong> (Segunda, Tercera, Sexta y Octava). En 2027 se har\u00e1 a la inversa.<\/p>\n\n\n\n<p><\/p>\n\n\n\n<p>La renovaci\u00f3n de las 23 bancas en el Senado se reparte de la siguiente manera: por la Primera secci\u00f3n electoral se elegir\u00e1n 8, por la Cuarta ser\u00e1n 7 bancas, por la Quinta secci\u00f3n se renovar\u00e1n 5 bancas, y en la S\u00e9ptima ser\u00e1n 3 bancas. Para las 46 bancas que debe renovar la C\u00e1mara de Diputados, en la Tercera ser\u00e1n 18 bancas, tanto de la segunda como de la Sexta secci\u00f3n se elegir\u00e1n 11 bancas en cada una, y la Regi\u00f3n Capital (La Plata), que es la Octava secci\u00f3n electoral, se pondr\u00e1n en juego 6 bancas.<\/p>\n\n\n\n<p><\/p>\n\n\n\n<p><strong>Por otro lado, en los 135 municipios se elegir\u00e1n autoridades locales: concejales y consejeros escolares.<\/strong><\/p>\n\n\n\n<p><\/p>\n\n\n\n<p class=\"has-medium-font-size\"><strong>Qu\u00e9 se elige en las elecciones de octubre<\/strong><\/p>\n\n\n\n<p>Este 26 de octubre los argentinos<strong> deber\u00e1n volver a las urnas para renovar el Congreso<\/strong>, en donde se pondr\u00e1n en juego <strong>24 senadores y 127 diputados.<\/strong><\/p>\n\n\n\n<p><\/p>\n\n\n\n<p>Por un lado, la C\u00e1mara de Diputados est\u00e1 integrada por 257 miembros y su composici\u00f3n se renueva cada dos a\u00f1os de a mitades. <strong>Es decir, este 2025 se eligen 127 bancas nuevas. <\/strong>La cantidad de bancas asignadas a cada distrito se determina en funci\u00f3n de la poblaci\u00f3n de cada provincia y cada legislador dura 4 a\u00f1os en su cargo. En el caso de la <strong>provincia de Buenos Aires, se renovar\u00e1n 35 bancas.<\/strong><\/p>\n\n\n\n<p><\/p>\n\n\n\n<p>Por el otro, el Senado representa las 23 provincias y la Ciudad Aut\u00f3noma de Buenos Aires. Est\u00e1 integrada por 72 miembros y su ciclo se renueva por tercios cada dos a\u00f1os.<\/p>\n\n\n\n<p><\/p>\n\n\n\n<p>En este caso,<strong> son 24 la cantidad de bancas a renovar,<\/strong> las cuales se distribuyen en base a qu\u00e9 agrupaci\u00f3n pol\u00edtica obtenga la mayor cantidad de votos: dos por mayor\u00eda y una por la primera minor\u00eda (la segunda fuerza). <strong>Cada legislador dura 6 a\u00f1os en su cargo.\u00a0<\/strong><\/p>\n\n\n\n<p><\/p>\n\n\n\n<p><em>Fuente: DIB<\/em><\/p>\n\n\n\n<p><\/p>\n","protected":false},"excerpt":{"rendered":"<p>Alcanza al transporte automotor y fluvial de pasajeros. Es para las elecciones del 7 de septiembre y 26 de octubre<\/p>\n","protected":false},"author":6,"featured_media":51074,"comment_status":"closed","ping_status":"closed","sticky":false,"template":"","format":"standard","meta":{"_jetpack_memberships_contains_paid_content":false,"footnotes":""},"categories":[6,1],"tags":[],"class_list":["post-180791","post","type-post","status-publish","format-standard","has-post-thumbnail","hentry","category-nacionales","category-portada"],"jetpack_featured_media_url":"https:\/\/i0.wp.com\/cdnoticias.com\/wp-content\/uploads\/2022\/04\/colectivo-boleto-tu-bus-6.jpg?fit=800%2C445&ssl=1","jetpack_sharing_enabled":true,"_links":{"self":[{"href":"https:\/\/cdnoticias.com\/index.php\/wp-json\/wp\/v2\/posts\/180791","targetHints":{"allow":["GET"]}}],"collection":[{"href":"https:\/\/cdnoticias.com\/index.php\/wp-json\/wp\/v2\/posts"}],"about":[{"href":"https:\/\/cdnoticias.com\/index.php\/wp-json\/wp\/v2\/types\/post"}],"author":[{"embeddable":true,"href":"https:\/\/cdnoticias.com\/index.php\/wp-json\/wp\/v2\/users\/6"}],"replies":[{"embeddable":true,"href":"https:\/\/cdnoticias.com\/index.php\/wp-json\/wp\/v2\/comments?post=180791"}],"version-history":[{"count":0,"href":"https:\/\/cdnoticias.com\/index.php\/wp-json\/wp\/v2\/posts\/180791\/revisions"}],"wp:featuredmedia":[{"embeddable":true,"href":"https:\/\/cdnoticias.com\/index.php\/wp-json\/wp\/v2\/media\/51074"}],"wp:attachment":[{"href":"https:\/\/cdnoticias.com\/index.php\/wp-json\/wp\/v2\/media?parent=180791"}],"wp:term":[{"taxonomy":"category","embeddable":true,"href":"https:\/\/cdnoticias.com\/index.php\/wp-json\/wp\/v2\/categories?post=180791"},{"taxonomy":"post_tag","embeddable":true,"href":"https:\/\/cdnoticias.com\/index.php\/wp-json\/wp\/v2\/tags?post=180791"}],"curies":[{"name":"wp","href":"https:\/\/api.w.org\/{rel}","templated":true}]}}