{"id":18075,"date":"2021-04-06T09:20:10","date_gmt":"2021-04-06T12:20:10","guid":{"rendered":"http:\/\/www.centraldenoticias.com.ar\/?p=18075"},"modified":"2021-04-06T11:27:15","modified_gmt":"2021-04-06T14:27:15","slug":"bolivar-puso-a-disposicion-de-olavarria-su-laboratorio-de-biologia-molecular","status":"publish","type":"post","link":"https:\/\/cdnoticias.com\/index.php\/2021\/04\/06\/bolivar-puso-a-disposicion-de-olavarria-su-laboratorio-de-biologia-molecular\/","title":{"rendered":"Bol\u00edvar puso a disposici\u00f3n de Olavarr\u00eda su Laboratorio de Biolog\u00eda Molecular"},"content":{"rendered":"<p>Lo comunic\u00f3 el intendente de la vecina localidad, Marcos Pisano, quien el lunes habl\u00f3 con Ezequiel Galli.<!--more--><\/p>\n<hr \/>\n<p>Tal como se dio a conocer en el diario La Ma\u00f1ana, <strong>Bol\u00edvar se puso a disposici\u00f3n de Olavarr\u00eda en el marco del impacto de la segunda ola<\/strong>.<\/p>\n<p>&nbsp;<\/p>\n<blockquote><p>El intendente Marcos Pisano se comunic\u00f3 con Ezequiel Galli y ofreci\u00f3 el Laboratorio de Biolog\u00eda Molecular (LABBO) \u201cpara poder procesar 500 muestras diarias\u201d, se detall\u00f3.<\/p><\/blockquote>\n<p>&nbsp;<\/p>\n<p>La novedad trascendi\u00f3\u00a0<strong>despu\u00e9s de los anuncios de las autoridades locales<\/strong> que dieron cuenta de los <a href=\"https:\/\/cdnoticias.com\/index.php\/2021\/04\/05\/aumento-record-se-detectaron-mas-de-250-casos-de-coronavirus-en-olavarria\/\" target=\"_blank\" rel=\"noopener\">nuevos 254 casos<\/a> registrados el lunes y las <a href=\"https:\/\/cdnoticias.com\/index.php\/2021\/04\/05\/una-por-una-las-nuevas-restricciones-por-la-segunda-ola-de-covid-en-olavarria\/\" target=\"_blank\" rel=\"noopener\">restricciones definidas<\/a> con el objetivo de contener el impacto del virus en Olavarr\u00eda.<\/p>\n<p>&nbsp;<\/p>\n<p><strong>Al inicio de la pandemia Pisano tuvo algunos cruces con Galli<\/strong> por el manejo de los controles y la prohibici\u00f3n de ingreso a algunos transportes olavarrienses a Bol\u00edvar.<\/p>\n<p>&nbsp;<\/p>\n<p>Fuente y foto: <em>Diario La Ma\u00f1ana<\/em><\/p>\n","protected":false},"excerpt":{"rendered":"<p>Lo comunic\u00f3 el intendente de la vecina localidad, Marcos Pisano, quien el lunes habl\u00f3 con Ezequiel Galli.<\/p>\n","protected":false},"author":2,"featured_media":18076,"comment_status":"closed","ping_status":"closed","sticky":false,"template":"","format":"standard","meta":{"_jetpack_memberships_contains_paid_content":false,"footnotes":""},"categories":[4,1],"tags":[],"class_list":["post-18075","post","type-post","status-publish","format-standard","has-post-thumbnail","hentry","category-politica","category-portada"],"jetpack_featured_media_url":"https:\/\/i0.wp.com\/cdnoticias.com\/wp-content\/uploads\/2021\/04\/LA-MA%C3%91ANA-pisano-galli-800x445.jpg?fit=800%2C445&ssl=1","jetpack_sharing_enabled":true,"_links":{"self":[{"href":"https:\/\/cdnoticias.com\/index.php\/wp-json\/wp\/v2\/posts\/18075","targetHints":{"allow":["GET"]}}],"collection":[{"href":"https:\/\/cdnoticias.com\/index.php\/wp-json\/wp\/v2\/posts"}],"about":[{"href":"https:\/\/cdnoticias.com\/index.php\/wp-json\/wp\/v2\/types\/post"}],"author":[{"embeddable":true,"href":"https:\/\/cdnoticias.com\/index.php\/wp-json\/wp\/v2\/users\/2"}],"replies":[{"embeddable":true,"href":"https:\/\/cdnoticias.com\/index.php\/wp-json\/wp\/v2\/comments?post=18075"}],"version-history":[{"count":0,"href":"https:\/\/cdnoticias.com\/index.php\/wp-json\/wp\/v2\/posts\/18075\/revisions"}],"wp:featuredmedia":[{"embeddable":true,"href":"https:\/\/cdnoticias.com\/index.php\/wp-json\/wp\/v2\/media\/18076"}],"wp:attachment":[{"href":"https:\/\/cdnoticias.com\/index.php\/wp-json\/wp\/v2\/media?parent=18075"}],"wp:term":[{"taxonomy":"category","embeddable":true,"href":"https:\/\/cdnoticias.com\/index.php\/wp-json\/wp\/v2\/categories?post=18075"},{"taxonomy":"post_tag","embeddable":true,"href":"https:\/\/cdnoticias.com\/index.php\/wp-json\/wp\/v2\/tags?post=18075"}],"curies":[{"name":"wp","href":"https:\/\/api.w.org\/{rel}","templated":true}]}}