{"id":180749,"date":"2025-08-29T09:02:50","date_gmt":"2025-08-29T12:02:50","guid":{"rendered":"https:\/\/cdnoticias.com\/?p=180749"},"modified":"2025-08-29T11:37:23","modified_gmt":"2025-08-29T14:37:23","slug":"recuperan-numerosos-articulos-robados-del-interior-de-una-camioneta","status":"publish","type":"post","link":"https:\/\/cdnoticias.com\/index.php\/2025\/08\/29\/recuperan-numerosos-articulos-robados-del-interior-de-una-camioneta\/","title":{"rendered":"Recuperan numerosos art\u00edculos robados del interior de una camioneta"},"content":{"rendered":"<p>El hallazgo se dio mediante un allanamiento en una vivienda de Dorrego al 4000. Dos hombres fueron imputados por el il\u00edcito.<!--more--><\/p>\n<hr \/>\n<p>En un <strong>procedimiento realizado en una vivienda de Dorrego al 4000<\/strong>, personal del Gabinete T\u00e9cnico Operativo <strong>recuper\u00f3 elementos robados del interior de una camioneta Renault Trafic<\/strong>. Asimismo, dos hombres fueron imputados por el caso que se consider\u00f3 esclarecido.<\/p>\n<blockquote><p>La denuncia hab\u00eda sido radicada tras constatarse la sustracci\u00f3n de un est\u00e9reo, una matera el\u00e9ctrica, un crique color rojo, una linterna minera, un juego de herramientas de marca Stanley, una llave pico de loro, dos pinzas, un destornillador, un termo, una garrafa de un kilo y otra de dos kilos.<\/p><\/blockquote>\n<p>A partir de las tareas investigativas, el<strong> personal de la Comisar\u00eda Segunda<\/strong> logr\u00f3 dar con la <strong>totalidad de los elementos sustra\u00eddos<\/strong>, que fueron recogidos en el domicilio donde el allanamiento se realiz\u00f3 con anuencia de los moradores.<\/p>\n<p>Por el hecho quedaron <strong>imputados dos hombres de 28 y 26 a\u00f1os<\/strong>. La causa fue caratulada como <strong>\u201crobo \u2013 art\u00edculo 164\u201d<\/strong>. Los acusados quedaron a disposici\u00f3n de la <strong>UFI N.\u00ba 4<\/strong> a cargo de la Dra. Mar\u00eda Paula Serrano.<\/p>\n","protected":false},"excerpt":{"rendered":"<p>El hallazgo se dio mediante un allanamiento en una vivienda de Dorrego al 4000. Dos hombres fueron imputados por el<\/p>\n","protected":false},"author":4,"featured_media":180750,"comment_status":"closed","ping_status":"closed","sticky":false,"template":"","format":"standard","meta":{"_jetpack_memberships_contains_paid_content":false,"footnotes":""},"categories":[14,1],"tags":[],"class_list":["post-180749","post","type-post","status-publish","format-standard","has-post-thumbnail","hentry","category-policiales","category-portada"],"jetpack_featured_media_url":"https:\/\/i0.wp.com\/cdnoticias.com\/wp-content\/uploads\/2025\/08\/allanamiento-dorrego-4000-A.jpg?fit=1000%2C556&ssl=1","jetpack_sharing_enabled":true,"_links":{"self":[{"href":"https:\/\/cdnoticias.com\/index.php\/wp-json\/wp\/v2\/posts\/180749","targetHints":{"allow":["GET"]}}],"collection":[{"href":"https:\/\/cdnoticias.com\/index.php\/wp-json\/wp\/v2\/posts"}],"about":[{"href":"https:\/\/cdnoticias.com\/index.php\/wp-json\/wp\/v2\/types\/post"}],"author":[{"embeddable":true,"href":"https:\/\/cdnoticias.com\/index.php\/wp-json\/wp\/v2\/users\/4"}],"replies":[{"embeddable":true,"href":"https:\/\/cdnoticias.com\/index.php\/wp-json\/wp\/v2\/comments?post=180749"}],"version-history":[{"count":0,"href":"https:\/\/cdnoticias.com\/index.php\/wp-json\/wp\/v2\/posts\/180749\/revisions"}],"wp:featuredmedia":[{"embeddable":true,"href":"https:\/\/cdnoticias.com\/index.php\/wp-json\/wp\/v2\/media\/180750"}],"wp:attachment":[{"href":"https:\/\/cdnoticias.com\/index.php\/wp-json\/wp\/v2\/media?parent=180749"}],"wp:term":[{"taxonomy":"category","embeddable":true,"href":"https:\/\/cdnoticias.com\/index.php\/wp-json\/wp\/v2\/categories?post=180749"},{"taxonomy":"post_tag","embeddable":true,"href":"https:\/\/cdnoticias.com\/index.php\/wp-json\/wp\/v2\/tags?post=180749"}],"curies":[{"name":"wp","href":"https:\/\/api.w.org\/{rel}","templated":true}]}}