{"id":180718,"date":"2025-08-28T19:00:22","date_gmt":"2025-08-28T22:00:22","guid":{"rendered":"https:\/\/cdnoticias.com\/?p=180718"},"modified":"2025-08-28T19:00:23","modified_gmt":"2025-08-28T22:00:23","slug":"agenda-cultural-para-este-fin-de-semana-conoce-las-diversas-propuestas","status":"publish","type":"post","link":"https:\/\/cdnoticias.com\/index.php\/2025\/08\/28\/agenda-cultural-para-este-fin-de-semana-conoce-las-diversas-propuestas\/","title":{"rendered":"Agenda cultural para este fin de semana: conoc\u00e9 las diversas propuestas\u00a0"},"content":{"rendered":"\n<p>Las actividades se podr\u00e1n disfrutar en los diferentes espacios culturales de la ciudad.&nbsp;<\/p>\n\n\n\n<hr class=\"wp-block-separator aligncenter has-alpha-channel-opacity\"\/>\n\n\n\n<p>Desde el Municipio de Olavarr\u00eda se dieron a conocer las<strong> propuestas de actividades en los diferentes espacios culturales de la ciudad <\/strong>para disfrutar <strong>durante el fin de semana.\u00a0<\/strong><\/p>\n\n\n\n<p><\/p>\n\n\n\n<p><strong>En detalle cada una de las actividades<\/strong><\/p>\n\n\n\n<p><\/p>\n\n\n\n<p><strong>Viernes 29 de agosto<\/strong><\/p>\n\n\n\n<ul class=\"wp-block-list\">\n<li><strong>Teatro Municipal \u2013 21 horas \u2013 \u00c1ngela Leiva \u201cMi Voz Para El Mundo<\/strong><\/li>\n<\/ul>\n\n\n\n<p>La cantautora anuncia uno de los tours m\u00e1s importantes de su carrera \u201cMi Voz para el Mundo\u201d recorriendo diferentes pa\u00edses, y Ciudades y Provincias de nuestro pa\u00eds. Despu\u00e9s del lanzamiento de su m\u00e1s reciente \u00e1lbum \u201c15 A\u00f1os\u201d, festejando sus m\u00e1s de 15 a\u00f1os de carrera, \u00c1ngela nos vuelve a sorprender con una nueva canci\u00f3n titulada \u201cYa Me Olvid\u00e9\u201d.<\/p>\n\n\n\n<p>Una producci\u00f3n s\u00faper especial, que hace referencia a sus vivencias y en cuanto a los sonidos, su amor por M\u00e9xico y su cultura. \u201cMi voz para el mundo\u201d es una propuesta donde \u00c1ngela Leiva invita a todos sus seguidores a un nuevo tour, donde no solo se recorrer\u00e1n todos sus \u00e9xitos sino tambi\u00e9n su m\u00fasica nueva, recorriendo los mejores escenarios de Argentina y el Mundo.<\/p>\n\n\n\n<p>Con esta propuesta innovadora, \u00c1ngela invita a sus seguidores a revivir los momentos que la convirtieron en una de las voces m\u00e1s queridas de la m\u00fasica popular.<\/p>\n\n\n\n<p>Entradas (numeradas en plateas y palcos): $ 55000 platea baja- $ 51700 platea alta \u2013 $ 49500 sillas de palcos- $ 44000 pullman. Venta en Tecnocentro (Rivadavia 3065) en efectivo. Venta en el Teatro Municipal (Rivadavia 2780) con tarjetas de cr\u00e9dito, d\u00e9bito y billeteras virtuales. Venta online en  <a href=\"http:\/\/www.articket.com.ar\/\" target=\"_blank\" rel=\"noreferrer noopener\">www.articket.com.ar<\/a> con cr\u00e9dito y d\u00e9bito.<\/p>\n\n\n\n<p><\/p>\n\n\n\n<p><strong>S\u00e1bado 30 de agosto<\/strong><\/p>\n\n\n\n<ul class=\"wp-block-list\">\n<li><strong>Museo D\u00e1maso Arce \u2013 16 horas \u2013 <\/strong>\u00a0<strong>Taller de Figuras M\u00f3viles<\/strong><\/li>\n<\/ul>\n\n\n\n<p>El Museo D\u00e1maso Arce, a trav\u00e9s de la Direcci\u00f3n de Patrimonio Cultural, invita a toda la comunidad a participar de las propuestas que se desarrollar\u00e1n en el espacio durante este fin de semana, en el marco del cierre de los festejos por el Mes de las Infancias.<\/p>\n\n\n\n<p>Las propuestas est\u00e1n pensadas para compartir en familia y est\u00e1n destinadas especialmente para ni\u00f1os y ni\u00f1as, a partir de los 6 a\u00f1os de edad. La entrada es libre y gratuita. Cabe aclarar que los cupos son limitados y el acceso es por orden de llegada.<\/p>\n\n\n\n<p>En el Taller de Figuras M\u00f3viles, que se realizar\u00e1 este s\u00e1bado, a las 16 horas, a trav\u00e9s de diferentes personajes, cada participante podr\u00e1 llevarse una figura m\u00f3vil o marioneta.<\/p>\n\n\n\n<p>Aquellas personas interesadas en recorre la muestra \u201cMundos para mirar de cerca\u201d, podr\u00e1n acercarse al MDA, de martes a jueves de 8 a 12 horas y de 13 a 17 horas, viernes de 8 a 12 horas y de 13 a 18 horas. Mientras que s\u00e1bados, domingos y feriados, el espacio abre sus puertas de 15 a 18 horas.<\/p>\n\n\n\n<p>Se recuerda que el Museo \u201cD\u00e1maso Arce\u201d, se encuentra ubicado en calle San Mart\u00edn 2862. Por informes, consultas y m\u00e1s detalles sobre las actividades, se puede escribir al mail del museo: museo.damasoarce@olavarria.gov.ar. Entrada libre y gratuita.<\/p>\n\n\n\n<ul class=\"wp-block-list\">\n<li><strong>Teatro Municipal \u2013 20:30 horas \u2013 Muestra Anual Escuela Municipal de Danza<\/strong><\/li>\n<\/ul>\n\n\n\n<p>Desde la Subsecretar\u00eda de Cultura y Educaci\u00f3n invitan a participar del muestreo anual de la Escuela Municipal de Danzas. El evento se realizar\u00e1 el 30 de agosto a las 20:30 horas en el Teatro Municipal, con entrada libre y gratuita.<\/p>\n\n\n\n<p>Las disciplinas que se estar\u00e1n presentando son: danza \u00e1rabe, danzas alemanas, danza cl\u00e1sica, tango, folklore, contempor\u00e1neo, flamenco, urbano, danzas de la India, salsa, bachata, jazz, zumba y tap.<\/p>\n\n\n\n<p>La Escuela Municipal de Danzas integra las propuestas educativas a nivel municipal que est\u00e1n pensadas para todos los niveles de educaci\u00f3n y cada una de las actividades tiene claros objetivos de c\u00f3mo hacer que chicos y grandes sean actores de una comunidad en continuo crecimiento. Las propuestas est\u00e1n pensadas para que cada uno de ellos descubra su potencial art\u00edstico.<\/p>\n\n\n\n<p><\/p>\n\n\n\n<p><strong>Domingo 31 de agosto<\/strong><\/p>\n\n\n\n<ul class=\"wp-block-list\">\n<li><strong>Museo D\u00e1maso Arce \u2013 16 horas \u2013 <\/strong>\u00a0<strong>Taller de T\u00edteres de Varilla<\/strong><\/li>\n<\/ul>\n\n\n\n<p>El Museo D\u00e1maso Arce, a trav\u00e9s de la Direcci\u00f3n de Patrimonio Cultural, invita a toda la comunidad a participar de las propuestas que se desarrollar\u00e1n en el espacio durante este fin de semana, en el marco del cierre de los festejos por el Mes de las Infancias.<\/p>\n\n\n\n<p>Las propuestas est\u00e1n pensadas para compartir en familia y est\u00e1n destinadas especialmente para ni\u00f1os y ni\u00f1as, a partir de los 6 a\u00f1os de edad. La entrada es libre y gratuita. Cabe aclarar que los cupos son limitados y el acceso es por orden de llegada.<\/p>\n\n\n\n<p>En el Taller de \u201cT\u00edteres de varilla\u201d que se realizar\u00e1 este domingo, a las 16 horas, a trav\u00e9s de una propuesta l\u00fadica con la tem\u00e1tica del pintor Quinquela Mart\u00edn, los asistentes podr\u00e1n crear sus propios t\u00edteres de varilla para luego llevarlos a un peque\u00f1o teatro comunitario.<\/p>\n\n\n\n<p>En el caso de los talleres se requiere que los ni\u00f1os est\u00e9n acompa\u00f1ados por un adulto. Tambi\u00e9n, cabe aclarar que no es necesario concurrir con material alguno, ya que en todos los casos, ser\u00e1n proporcionados por parte del tallerista.<\/p>\n\n\n\n<p>Aquellas personas interesadas en recorre la muestra \u201cMundos para mirar de cerca\u201d, podr\u00e1n acercarse al MDA, de martes a jueves de 8 a 12 horas y de 13 a 17 horas, viernes de 8 a 12 horas y de 13 a 18 horas. Mientras que s\u00e1bados, domingos y feriados, el espacio abre sus puertas de 15 a 18 horas.<\/p>\n\n\n\n<p>Se recuerda que el Museo \u201cD\u00e1maso Arce\u201d, se encuentra ubicado en calle San Mart\u00edn 2862. Por informes, consultas y m\u00e1s detalles sobre las actividades, se puede escribir al mail del museo: museo.damasoarce@olavarria.gov.ar. Entrada libre y gratuita.<\/p>\n\n\n\n<p><\/p>\n\n\n\n<ul class=\"wp-block-list\">\n<li><strong>Programa recreativo itinerante \u201cJuguemos en la Plaza\u201d \u2013 15:30 horas \u2013 Parque \u201cHelios Eseverri\u201d (avenida Trabajadores y Almirante Brown)<\/strong><\/li>\n<\/ul>\n\n\n\n<p>Como es habitual, profesores de la Direcci\u00f3n de Deporte Social del Municipio encabezar\u00e1n distintas propuestas recreativas, con el foco en la recreaci\u00f3n, la educaci\u00f3n f\u00edsica y en la puesta en valor de los distintos espacios p\u00fablicos con los que cuenta el Partido de Olavarr\u00eda.<\/p>\n\n\n\n<p>Quienes quieran ser parte deber\u00e1n \u00fanicamente acercarse con una botellita de agua. La actividad se suspender\u00e1 en caso de condiciones clim\u00e1ticas adversas.<\/p>\n\n\n\n<p>El programa municipal \u201cJuguemos en la Plaza\u201d fue ideado con el objetivo de garantizar el derecho al juego de los chicos y chicas de todo el Partido, por ello su rasgo itinerante de visitar distintos espacios tanto de la ciudad y las localidades.<\/p>\n\n\n\n<p><\/p>\n","protected":false},"excerpt":{"rendered":"<p>Las actividades se podr\u00e1n disfrutar en los diferentes espacios culturales de la ciudad.&nbsp; Desde el Municipio de Olavarr\u00eda se dieron<\/p>\n","protected":false},"author":6,"featured_media":180719,"comment_status":"closed","ping_status":"closed","sticky":false,"template":"","format":"standard","meta":{"_jetpack_memberships_contains_paid_content":false,"footnotes":""},"categories":[9,1],"tags":[],"class_list":["post-180718","post","type-post","status-publish","format-standard","has-post-thumbnail","hentry","category-cultura","category-portada"],"jetpack_featured_media_url":"https:\/\/i0.wp.com\/cdnoticias.com\/wp-content\/uploads\/2025\/08\/angela-leiva.png?fit=900%2C433&ssl=1","jetpack_sharing_enabled":true,"_links":{"self":[{"href":"https:\/\/cdnoticias.com\/index.php\/wp-json\/wp\/v2\/posts\/180718","targetHints":{"allow":["GET"]}}],"collection":[{"href":"https:\/\/cdnoticias.com\/index.php\/wp-json\/wp\/v2\/posts"}],"about":[{"href":"https:\/\/cdnoticias.com\/index.php\/wp-json\/wp\/v2\/types\/post"}],"author":[{"embeddable":true,"href":"https:\/\/cdnoticias.com\/index.php\/wp-json\/wp\/v2\/users\/6"}],"replies":[{"embeddable":true,"href":"https:\/\/cdnoticias.com\/index.php\/wp-json\/wp\/v2\/comments?post=180718"}],"version-history":[{"count":0,"href":"https:\/\/cdnoticias.com\/index.php\/wp-json\/wp\/v2\/posts\/180718\/revisions"}],"wp:featuredmedia":[{"embeddable":true,"href":"https:\/\/cdnoticias.com\/index.php\/wp-json\/wp\/v2\/media\/180719"}],"wp:attachment":[{"href":"https:\/\/cdnoticias.com\/index.php\/wp-json\/wp\/v2\/media?parent=180718"}],"wp:term":[{"taxonomy":"category","embeddable":true,"href":"https:\/\/cdnoticias.com\/index.php\/wp-json\/wp\/v2\/categories?post=180718"},{"taxonomy":"post_tag","embeddable":true,"href":"https:\/\/cdnoticias.com\/index.php\/wp-json\/wp\/v2\/tags?post=180718"}],"curies":[{"name":"wp","href":"https:\/\/api.w.org\/{rel}","templated":true}]}}