{"id":18071,"date":"2021-04-06T08:42:31","date_gmt":"2021-04-06T11:42:31","guid":{"rendered":"http:\/\/www.centraldenoticias.com.ar\/?p=18071"},"modified":"2021-04-06T08:42:31","modified_gmt":"2021-04-06T11:42:31","slug":"graciela-wilt-viuda-de-rueda-q-e-p-d","status":"publish","type":"post","link":"https:\/\/cdnoticias.com\/index.php\/2021\/04\/06\/graciela-wilt-viuda-de-rueda-q-e-p-d\/","title":{"rendered":"Graciela Wilt viuda de Rueda (Q.E.P.D.)"},"content":{"rendered":"<p>Falleci\u00f3 en Olavarr\u00eda el d\u00eda 5 de abril de 2021 a los 86 a\u00f1os de edad. Su hijo: Julio C\u00e9sar Rueda. Su hija pol\u00edtica: Leonor Di Lorenzo. Su nieta: Leonela Magal\u00ed. Su hermana, hermanos pol\u00edticos, sobrinos, sobrinos pol\u00edticos y dem\u00e1s deudos participan su fallecimiento.<\/p>\n<p>Velatorio: Sala velatoria de Hinojo. El velatorio ser\u00e1 este jueves 8 de abril a partir de las 10 horas. Responso: Capilla Ardiente. Inhumaci\u00f3n: Cementerio de Hinojo, jueves 8 de abril a las 12 horas. Servicio adherido a Coopelectric.<\/p>\n<p>Vecino de Barrio Hip\u00f3lito Irigoyen.<\/p>\n<p>Nacida en Olavarr\u00eda.<\/p>\n<p>Jubilada y Pensionada.<\/p>\n","protected":false},"excerpt":{"rendered":"<p>Falleci\u00f3 en Olavarr\u00eda el d\u00eda 5 de abril de 2021 a los 86 a\u00f1os de edad. Su hijo: Julio C\u00e9sar<\/p>\n","protected":false},"author":2,"featured_media":0,"comment_status":"closed","ping_status":"closed","sticky":false,"template":"","format":"standard","meta":{"_jetpack_memberships_contains_paid_content":false,"footnotes":""},"categories":[10],"tags":[],"class_list":["post-18071","post","type-post","status-publish","format-standard","hentry","category-necrologicas"],"jetpack_featured_media_url":"","jetpack_sharing_enabled":true,"_links":{"self":[{"href":"https:\/\/cdnoticias.com\/index.php\/wp-json\/wp\/v2\/posts\/18071","targetHints":{"allow":["GET"]}}],"collection":[{"href":"https:\/\/cdnoticias.com\/index.php\/wp-json\/wp\/v2\/posts"}],"about":[{"href":"https:\/\/cdnoticias.com\/index.php\/wp-json\/wp\/v2\/types\/post"}],"author":[{"embeddable":true,"href":"https:\/\/cdnoticias.com\/index.php\/wp-json\/wp\/v2\/users\/2"}],"replies":[{"embeddable":true,"href":"https:\/\/cdnoticias.com\/index.php\/wp-json\/wp\/v2\/comments?post=18071"}],"version-history":[{"count":0,"href":"https:\/\/cdnoticias.com\/index.php\/wp-json\/wp\/v2\/posts\/18071\/revisions"}],"wp:attachment":[{"href":"https:\/\/cdnoticias.com\/index.php\/wp-json\/wp\/v2\/media?parent=18071"}],"wp:term":[{"taxonomy":"category","embeddable":true,"href":"https:\/\/cdnoticias.com\/index.php\/wp-json\/wp\/v2\/categories?post=18071"},{"taxonomy":"post_tag","embeddable":true,"href":"https:\/\/cdnoticias.com\/index.php\/wp-json\/wp\/v2\/tags?post=18071"}],"curies":[{"name":"wp","href":"https:\/\/api.w.org\/{rel}","templated":true}]}}