{"id":180702,"date":"2025-08-29T08:16:12","date_gmt":"2025-08-29T11:16:12","guid":{"rendered":"https:\/\/cdnoticias.com\/?p=180702"},"modified":"2025-08-29T10:14:01","modified_gmt":"2025-08-29T13:14:01","slug":"se-avanza-con-la-creacion-de-la-residencia-para-estudiantes-de-localidades-rurales","status":"publish","type":"post","link":"https:\/\/cdnoticias.com\/index.php\/2025\/08\/29\/se-avanza-con-la-creacion-de-la-residencia-para-estudiantes-de-localidades-rurales\/","title":{"rendered":"Se avanza con la creaci\u00f3n de la residencia para estudiantes de localidades rurales"},"content":{"rendered":"\n<p>Las tareas se prolongar\u00e1n durante las pr\u00f3ximas semanas y contemplan la impermeabilizaci\u00f3n, pintura, instalaci\u00f3n el\u00e9ctrica, reparaci\u00f3n y recambio de aberturas.<\/p>\n\n\n\n<hr class=\"wp-block-separator aligncenter has-alpha-channel-opacity\"\/>\n\n\n\n<p>Contin\u00faan los trabajos para la <strong>creaci\u00f3n de una residencia que ser\u00e1 destinada a j\u00f3venes de las localidades rurales, <\/strong>para que puedan<strong> continuar con sus estudios en la ciudad de Olavarr\u00eda.&nbsp;<\/strong><\/p>\n\n\n\n<p><\/p>\n\n\n\n<blockquote class=\"wp-block-quote is-layout-flow wp-block-quote-is-layout-flow\">\n<p>&#8220;Se trata de la concreci\u00f3n de una pol\u00edtica que fue parte de la plataforma de gobierno del intendente Maximiliano Wesner y que en poco tiempo ser\u00e1 una realidad que permitir\u00e1 la igualdad de posibilidades en el acceso a una educaci\u00f3n superior, sea terciaria o universitaria&#8221; se\u00f1alaron desde el Municipio.<\/p>\n<\/blockquote>\n\n\n\n<p><\/p>\n\n\n\n<p>Los trabajos son llevados a cabo desde la Direcci\u00f3n de Mantenimiento, dependiente de la Jefatura de Gabinete del Municipio, y contemplan la puesta en valor y <strong>reacondicionamiento integral del inmueble ubicado en el sector c\u00e9ntrico de la ciudad, sobre la calle Necochea al 3200<\/strong>, lindero al <strong>Museo Municipal \u201cHermanos Emiliozzi\u201d.<\/strong><\/p>\n\n\n\n<p><\/p>\n\n\n\n<figure class=\"wp-block-image aligncenter size-full\"><img data-recalc-dims=\"1\" loading=\"lazy\" decoding=\"async\" width=\"800\" height=\"522\" src=\"https:\/\/i0.wp.com\/cdnoticias.com\/wp-content\/uploads\/2025\/08\/residencias-rurales2.jpg?resize=800%2C522&#038;ssl=1\" alt=\"\" class=\"wp-image-180703\" srcset=\"https:\/\/i0.wp.com\/cdnoticias.com\/wp-content\/uploads\/2025\/08\/residencias-rurales2.jpg?w=879&amp;ssl=1 879w, https:\/\/i0.wp.com\/cdnoticias.com\/wp-content\/uploads\/2025\/08\/residencias-rurales2.jpg?resize=300%2C196&amp;ssl=1 300w, https:\/\/i0.wp.com\/cdnoticias.com\/wp-content\/uploads\/2025\/08\/residencias-rurales2.jpg?resize=768%2C502&amp;ssl=1 768w\" sizes=\"auto, (max-width: 800px) 100vw, 800px\" \/><\/figure>\n\n\n\n<p><\/p>\n\n\n\n<p>Se trata adem\u00e1s, de un<strong> proyecto que surgi\u00f3 del <\/strong><a href=\"https:\/\/cdnoticias.com\/index.php\/2025\/06\/12\/hcd-emocion-por-la-creacion-de-una-residencia-para-estudiantes-de-zonas-rurales\/\" target=\"_blank\" rel=\"noreferrer noopener\"><strong>Concejo Deliberante Estudiantil,<\/strong> iniciativa que fue presentada por una <strong>estudiante del CEPT N\u00b0 8 de Espigas,<\/strong> Brisa Barroni.<\/a><\/p>\n\n\n\n<p><\/p>\n\n\n\n<blockquote class=\"wp-block-quote is-layout-flow wp-block-quote-is-layout-flow\">\n<p>La propuesta cont\u00f3 con el acompa\u00f1amiento del bloque de la UCR y fue apoyada de manera un\u00e1nime por el Concejo Deliberante, que promovi\u00f3 la promulgaci\u00f3n de la Ordenanza.<\/p>\n<\/blockquote>\n\n\n\n<p><\/p>\n\n\n\n<p>Las<strong> tareas se prolongar\u00e1n durante las pr\u00f3ximas semanas <\/strong>y contemplan, entre otras, la <strong>impermeabilizaci\u00f3n, pintura, instalaci\u00f3n el\u00e9ctrica, reparaci\u00f3n y recambio de aberturas,<\/strong> entre otras.<\/p>\n\n\n\n<p><\/p>\n","protected":false},"excerpt":{"rendered":"<p>Las tareas se prolongar\u00e1n durante las pr\u00f3ximas semanas y contemplan la impermeabilizaci\u00f3n, pintura, instalaci\u00f3n el\u00e9ctrica, reparaci\u00f3n y recambio de aberturas.<\/p>\n","protected":false},"author":6,"featured_media":180704,"comment_status":"closed","ping_status":"closed","sticky":false,"template":"","format":"standard","meta":{"_jetpack_memberships_contains_paid_content":false,"footnotes":""},"categories":[5,1],"tags":[],"class_list":["post-180702","post","type-post","status-publish","format-standard","has-post-thumbnail","hentry","category-informacion-general","category-portada"],"jetpack_featured_media_url":"https:\/\/i0.wp.com\/cdnoticias.com\/wp-content\/uploads\/2025\/08\/residencias-rurales1.jpg?fit=900%2C598&ssl=1","jetpack_sharing_enabled":true,"_links":{"self":[{"href":"https:\/\/cdnoticias.com\/index.php\/wp-json\/wp\/v2\/posts\/180702","targetHints":{"allow":["GET"]}}],"collection":[{"href":"https:\/\/cdnoticias.com\/index.php\/wp-json\/wp\/v2\/posts"}],"about":[{"href":"https:\/\/cdnoticias.com\/index.php\/wp-json\/wp\/v2\/types\/post"}],"author":[{"embeddable":true,"href":"https:\/\/cdnoticias.com\/index.php\/wp-json\/wp\/v2\/users\/6"}],"replies":[{"embeddable":true,"href":"https:\/\/cdnoticias.com\/index.php\/wp-json\/wp\/v2\/comments?post=180702"}],"version-history":[{"count":0,"href":"https:\/\/cdnoticias.com\/index.php\/wp-json\/wp\/v2\/posts\/180702\/revisions"}],"wp:featuredmedia":[{"embeddable":true,"href":"https:\/\/cdnoticias.com\/index.php\/wp-json\/wp\/v2\/media\/180704"}],"wp:attachment":[{"href":"https:\/\/cdnoticias.com\/index.php\/wp-json\/wp\/v2\/media?parent=180702"}],"wp:term":[{"taxonomy":"category","embeddable":true,"href":"https:\/\/cdnoticias.com\/index.php\/wp-json\/wp\/v2\/categories?post=180702"},{"taxonomy":"post_tag","embeddable":true,"href":"https:\/\/cdnoticias.com\/index.php\/wp-json\/wp\/v2\/tags?post=180702"}],"curies":[{"name":"wp","href":"https:\/\/api.w.org\/{rel}","templated":true}]}}