{"id":180700,"date":"2025-08-29T08:30:09","date_gmt":"2025-08-29T11:30:09","guid":{"rendered":"https:\/\/cdnoticias.com\/?p=180700"},"modified":"2025-08-29T08:31:54","modified_gmt":"2025-08-29T11:31:54","slug":"no-hay-distincion-de-bandera-politica-porque-practicamente-no-nos-han-respondido-a-ninguno-de-los-bloques","status":"publish","type":"post","link":"https:\/\/cdnoticias.com\/index.php\/2025\/08\/29\/no-hay-distincion-de-bandera-politica-porque-practicamente-no-nos-han-respondido-a-ninguno-de-los-bloques\/","title":{"rendered":"\u201cNo hay distinci\u00f3n de bandera pol\u00edtica porque pr\u00e1cticamente no nos han respondido a ninguno de los bloques\u201d"},"content":{"rendered":"\n<p>Concejales de Pro-ERF y Juntos por Olavarr\u00eda presentaron una resoluci\u00f3n que solicita una pronta respuesta al Gobierno Municipal a pedidos de informe.<\/p>\n\n\n\n<hr class=\"wp-block-separator aligncenter has-alpha-channel-opacity\"\/>\n\n\n\n<p>En la <a href=\"https:\/\/cdnoticias.com\/index.php\/2025\/08\/28\/hcd-se-llevo-a-cabo-la-11-sesion-ordinaria-del-2025\/\" target=\"_blank\" rel=\"noreferrer noopener\">decimoprimera sesi\u00f3n ordinaria del Honorable Concejo Deliberante<\/a>, <strong>se aprob\u00f3 por unanimidad<\/strong> la resoluci\u00f3n que<strong> solicita la pronta respuesta del Departamento Ejecutivo a los pedidos de informes realizados durante el a\u00f1o 2025<\/strong>. Fue impulsada por los bloques PRO-ERF y Juntos por Olavarr\u00eda, y cont\u00f3 con apoyo un\u00e1nime de las otras bancadas.<strong>\u00a0<\/strong><\/p>\n\n\n\n<p><\/p>\n\n\n\n<p>El <strong>concejal Hilario Galli <\/strong>remarc\u00f3 el retraso en la devoluci\u00f3n y enumer\u00f3 que \u201c<strong><em>a lo largo de 2024 fueron 33 y hay 12 que a\u00fan no se han respondido. Recuerdo en la 6ta sesi\u00f3n, que se dec\u00eda que \u2018este oficialismo responde todos los pedidos de informes\u2019, bueno, vamos solicitando 23 y hay solamente respondidos 3\u201d.&nbsp;<\/em><\/strong><\/p>\n\n\n\n<p><\/p>\n\n\n\n<blockquote class=\"wp-block-quote is-layout-flow wp-block-quote-is-layout-flow\">\n<p>En este sentido asegur\u00f3 que \u201cnuestra tarea deliberativa se basa en informaci\u00f3n. Para nosotros poder armar un marco normativo que ayude al Ejecutivo a llevar adelante sus tareas, necesitamos tener esta informaci\u00f3n. No hay distinci\u00f3n de bandera pol\u00edtica porque pr\u00e1cticamente no nos han respondido a ninguno de los bloques\u201d.<\/p>\n<\/blockquote>\n\n\n\n<p><\/p>\n\n\n\n<figure class=\"wp-block-image size-full\"><img data-recalc-dims=\"1\" loading=\"lazy\" decoding=\"async\" width=\"800\" height=\"446\" src=\"https:\/\/i0.wp.com\/cdnoticias.com\/wp-content\/uploads\/2025\/08\/HCD-sesion-28-de-agosto-2025.jpg?resize=800%2C446&#038;ssl=1\" alt=\"\" class=\"wp-image-180641\" srcset=\"https:\/\/i0.wp.com\/cdnoticias.com\/wp-content\/uploads\/2025\/08\/HCD-sesion-28-de-agosto-2025.jpg?w=1000&amp;ssl=1 1000w, https:\/\/i0.wp.com\/cdnoticias.com\/wp-content\/uploads\/2025\/08\/HCD-sesion-28-de-agosto-2025.jpg?resize=300%2C167&amp;ssl=1 300w, https:\/\/i0.wp.com\/cdnoticias.com\/wp-content\/uploads\/2025\/08\/HCD-sesion-28-de-agosto-2025.jpg?resize=768%2C428&amp;ssl=1 768w, https:\/\/i0.wp.com\/cdnoticias.com\/wp-content\/uploads\/2025\/08\/HCD-sesion-28-de-agosto-2025.jpg?resize=800%2C445&amp;ssl=1 800w\" sizes=\"auto, (max-width: 800px) 100vw, 800px\" \/><\/figure>\n\n\n\n<p><\/p>\n\n\n\n<p>Seguidamente ejemplific\u00f3 algunos de los temas de aquellos pedidos de informes que no fueron respondidos: \u201c<em>un pedido de la Libertad respecto a un <strong>relevamiento detallado en <a href=\"https:\/\/cdnoticias.com\/index.php\/2025\/03\/27\/hogares-de-adultos-mayores-en-olavarria-es-una-situacion-preocupante-que-aqueja-a-todos-los-vecinos\/\" target=\"_blank\" rel=\"noreferrer noopener\">geri\u00e1tricos<\/a><\/strong>, que ya hab\u00edan hecho en abril de 2024, y est\u00e1 sin responder. Es una tem\u00e1tica muy importante que necesitamos poder tener esa informaci\u00f3n para poder trabajar en conjunto\u201d.<\/em><\/p>\n\n\n\n<p><\/p>\n\n\n\n<p>\u201cPor M\u00e1s Libertad hizo un pedido de informes sobre <strong>muestreos en el arroyo, hemos hecho pedidos de informes por Micaela y Nocturnidad, la UCR present\u00f3 para conocer el estado del funcionamiento actual del Iteco<\/strong>, una tem\u00e1tica que nos importa y que realmente la educaci\u00f3n es algo sobre lo que tendr\u00edamos que trabajar\u201d, marc\u00f3.&nbsp;<\/p>\n\n\n\n<p><\/p>\n\n\n\n<blockquote class=\"wp-block-quote is-layout-flow wp-block-quote-is-layout-flow\">\n<p>Por \u00faltimo, Galli record\u00f3 que \u201cse ha planteado que desde la oposici\u00f3n no se ayuda al oficialismo. Esto es parte de la ayuda que nosotros podemos brindar, elaborar marcos normativos en ciertas tem\u00e1ticas\u2026 sin esta informaci\u00f3n es muy dif\u00edcil que podamos llevar adelante nuestra tarea\u201d.<\/p>\n<\/blockquote>\n","protected":false},"excerpt":{"rendered":"<p>Concejales de Pro-ERF y Juntos por Olavarr\u00eda presentaron una resoluci\u00f3n que solicita una pronta respuesta al Gobierno Municipal a pedidos<\/p>\n","protected":false},"author":6,"featured_media":180694,"comment_status":"closed","ping_status":"closed","sticky":false,"template":"","format":"standard","meta":{"_jetpack_memberships_contains_paid_content":false,"footnotes":""},"categories":[4,1],"tags":[],"class_list":["post-180700","post","type-post","status-publish","format-standard","has-post-thumbnail","hentry","category-politica","category-portada"],"jetpack_featured_media_url":"https:\/\/i0.wp.com\/cdnoticias.com\/wp-content\/uploads\/2025\/08\/hcd-sesion1.jpg?fit=900%2C599&ssl=1","jetpack_sharing_enabled":true,"_links":{"self":[{"href":"https:\/\/cdnoticias.com\/index.php\/wp-json\/wp\/v2\/posts\/180700","targetHints":{"allow":["GET"]}}],"collection":[{"href":"https:\/\/cdnoticias.com\/index.php\/wp-json\/wp\/v2\/posts"}],"about":[{"href":"https:\/\/cdnoticias.com\/index.php\/wp-json\/wp\/v2\/types\/post"}],"author":[{"embeddable":true,"href":"https:\/\/cdnoticias.com\/index.php\/wp-json\/wp\/v2\/users\/6"}],"replies":[{"embeddable":true,"href":"https:\/\/cdnoticias.com\/index.php\/wp-json\/wp\/v2\/comments?post=180700"}],"version-history":[{"count":0,"href":"https:\/\/cdnoticias.com\/index.php\/wp-json\/wp\/v2\/posts\/180700\/revisions"}],"wp:featuredmedia":[{"embeddable":true,"href":"https:\/\/cdnoticias.com\/index.php\/wp-json\/wp\/v2\/media\/180694"}],"wp:attachment":[{"href":"https:\/\/cdnoticias.com\/index.php\/wp-json\/wp\/v2\/media?parent=180700"}],"wp:term":[{"taxonomy":"category","embeddable":true,"href":"https:\/\/cdnoticias.com\/index.php\/wp-json\/wp\/v2\/categories?post=180700"},{"taxonomy":"post_tag","embeddable":true,"href":"https:\/\/cdnoticias.com\/index.php\/wp-json\/wp\/v2\/tags?post=180700"}],"curies":[{"name":"wp","href":"https:\/\/api.w.org\/{rel}","templated":true}]}}