{"id":180698,"date":"2025-08-31T11:28:24","date_gmt":"2025-08-31T14:28:24","guid":{"rendered":"https:\/\/cdnoticias.com\/?p=180698"},"modified":"2025-08-31T11:28:26","modified_gmt":"2025-08-31T14:28:26","slug":"coopelectric-charla-sobre-inteligencia-artificial-y-etica","status":"publish","type":"post","link":"https:\/\/cdnoticias.com\/index.php\/2025\/08\/31\/coopelectric-charla-sobre-inteligencia-artificial-y-etica\/","title":{"rendered":"Coopelectric: charla sobre \u201cinteligencia artificial y \u00e9tica\u201d\u00a0"},"content":{"rendered":"\n<p>Ser\u00e1 el jueves 4 de septiembre con entrada libre y gratuita. La charla estar\u00e1 a cargo del Doctor Fernando Ariel Manzano.\u00a0<\/p>\n\n\n\n<hr class=\"wp-block-separator aligncenter has-alpha-channel-opacity\"\/>\n\n\n\n<p>En el marco del<strong> \u201cCiclo de Charlas 2025\u201d de Coopelectric,<\/strong> se invita a la comunidad a participar de la charla <em><strong>\u201cInteligencia Artificial y \u00c9tica: decisiones humanas en manos de algoritmos\u201d.\u00a0<\/strong><\/em><\/p>\n\n\n\n<p><\/p>\n\n\n\n<blockquote class=\"wp-block-quote is-layout-flow wp-block-quote-is-layout-flow\">\n<p>La charla ser\u00e1 dictada por el Dr. Fernando Ariel Manzano, el jueves 4 de septiembre a las 19:30 horas en el Sal\u00f3n Audit\u00f3rium de Coopelectric (Belgrano\u00a0 2850), con entrada libre y gratuita.<\/p>\n<\/blockquote>\n\n\n\n<p><\/p>\n\n\n\n<p>En la jornada se abordar\u00e1n los<strong> principales dilemas que plantea el avance de la inteligencia artificial en la vida cotidiana y en la sociedad<\/strong>. Uno de los ejes estar\u00e1 centrado en el funcionamiento de <strong>los algoritmos <\/strong>y c\u00f3mo <strong>moldean la informaci\u00f3n que consumimos.\u00a0<\/strong>Otro de los temas propuestos se vincula con los riesgos de la <strong>discriminaci\u00f3n digital<\/strong> y los sesgos algor\u00edtmicos, que pueden reproducir desigualdades sociales.\u00a0<\/p>\n\n\n\n<p><\/p>\n\n\n\n<blockquote class=\"wp-block-quote is-layout-flow wp-block-quote-is-layout-flow\">\n<p>Asimismo, se analizar\u00e1 el impacto de estas tecnolog\u00edas en los derechos fundamentales, la democracia y la libertad de expresi\u00f3n, para finalmente reflexionar sobre los principios \u00e9ticos y los marcos normativos que resultan necesarios para garantizar un uso responsable de la inteligencia artificial.<\/p>\n<\/blockquote>\n\n\n\n<p><\/p>\n\n\n\n<p><strong>Sobre Fernando Ariel Manzano<\/strong><\/p>\n\n\n\n<p>Fernando Ariel Manzano es Doctor en Demograf\u00eda (Universidad Nacional de C\u00f3rdoba), Licenciado en Econom\u00eda (Universidad de Buenos Aires) y Licenciado en Sociolog\u00eda (Universidad de Buenos Aires).\u00a0 Se desempe\u00f1a como Investigador Adjunto del Consejo Nacional de Investigaciones Cient\u00edficas y T\u00e9cnicas de Argentina (CONICET).<\/p>\n\n\n\n<p><\/p>\n\n\n\n<p>Su labor se orienta a la <strong>investigaci\u00f3n aplicada en ciencias sociales,<\/strong> con un enfoque interdisciplinario en temas como el mercado laboral, la calidad de vida, la din\u00e1mica demogr\u00e1fica y la planificaci\u00f3n del desarrollo.<\/p>\n\n\n\n<p><\/p>\n\n\n\n<p>Ha desarrollado una<strong> s\u00f3lida trayectoria docente en universidades p\u00fablicas y privadas de Argentina, y ha dirigido tesis de maestr\u00eda y doctorado<\/strong>. Asimismo, ha participado en proyectos de investigaci\u00f3n y desarrollo (I+D), y ha ejercido funciones como evaluador cient\u00edfico para revistas acad\u00e9micas y comit\u00e9s institucionales, tanto a nivel nacional como internacional.<\/p>\n\n\n\n<p><\/p>\n\n\n\n<p>En el \u00e1mbito de la producci\u00f3n cient\u00edfica, ha publicado m\u00e1s de 60 art\u00edculos en revistas indexadas, 4 libros y m\u00e1s de 20 cap\u00edtulos de libros, abordando problem\u00e1ticas vinculadas al envejecimiento, la desigualdad social, las migraciones, la calidad de vida, el mercado de trabajo y el uso de Big Data. <strong>Participa activamente en actividades de divulgaci\u00f3n cient\u00edfica, especialmente a trav\u00e9s de medios digitales.<\/strong><\/p>\n\n\n\n<p><\/p>\n","protected":false},"excerpt":{"rendered":"<p>Ser\u00e1 el jueves 4 de septiembre con entrada libre y gratuita. La charla estar\u00e1 a cargo del Doctor Fernando Ariel<\/p>\n","protected":false},"author":6,"featured_media":134488,"comment_status":"closed","ping_status":"closed","sticky":false,"template":"","format":"standard","meta":{"_jetpack_memberships_contains_paid_content":false,"footnotes":""},"categories":[5,1],"tags":[],"class_list":["post-180698","post","type-post","status-publish","format-standard","has-post-thumbnail","hentry","category-informacion-general","category-portada"],"jetpack_featured_media_url":"https:\/\/i0.wp.com\/cdnoticias.com\/wp-content\/uploads\/2025\/01\/coopelectric-fachada-03.jpg?fit=1000%2C563&ssl=1","jetpack_sharing_enabled":true,"_links":{"self":[{"href":"https:\/\/cdnoticias.com\/index.php\/wp-json\/wp\/v2\/posts\/180698","targetHints":{"allow":["GET"]}}],"collection":[{"href":"https:\/\/cdnoticias.com\/index.php\/wp-json\/wp\/v2\/posts"}],"about":[{"href":"https:\/\/cdnoticias.com\/index.php\/wp-json\/wp\/v2\/types\/post"}],"author":[{"embeddable":true,"href":"https:\/\/cdnoticias.com\/index.php\/wp-json\/wp\/v2\/users\/6"}],"replies":[{"embeddable":true,"href":"https:\/\/cdnoticias.com\/index.php\/wp-json\/wp\/v2\/comments?post=180698"}],"version-history":[{"count":0,"href":"https:\/\/cdnoticias.com\/index.php\/wp-json\/wp\/v2\/posts\/180698\/revisions"}],"wp:featuredmedia":[{"embeddable":true,"href":"https:\/\/cdnoticias.com\/index.php\/wp-json\/wp\/v2\/media\/134488"}],"wp:attachment":[{"href":"https:\/\/cdnoticias.com\/index.php\/wp-json\/wp\/v2\/media?parent=180698"}],"wp:term":[{"taxonomy":"category","embeddable":true,"href":"https:\/\/cdnoticias.com\/index.php\/wp-json\/wp\/v2\/categories?post=180698"},{"taxonomy":"post_tag","embeddable":true,"href":"https:\/\/cdnoticias.com\/index.php\/wp-json\/wp\/v2\/tags?post=180698"}],"curies":[{"name":"wp","href":"https:\/\/api.w.org\/{rel}","templated":true}]}}