{"id":18069,"date":"2021-04-06T08:38:40","date_gmt":"2021-04-06T11:38:40","guid":{"rendered":"http:\/\/www.centraldenoticias.com.ar\/?p=18069"},"modified":"2021-04-06T08:38:40","modified_gmt":"2021-04-06T11:38:40","slug":"gladys-delfa-orbe-viuda-de-bassagasteguy-q-e-p-d","status":"publish","type":"post","link":"https:\/\/cdnoticias.com\/index.php\/2021\/04\/06\/gladys-delfa-orbe-viuda-de-bassagasteguy-q-e-p-d\/","title":{"rendered":"Gladys Delfa Orbe viuda de Bassagasteguy (Q.E.P.D.)"},"content":{"rendered":"<p>Falleci\u00f3 en Olavarr\u00eda el d\u00eda 5 de abril de 2021 a los 88 a\u00f1os de edad.<\/p>\n<p>Hermano Carlos Orbe, sobrino Luis Orbe, sobrinas-nietas Luciana y Manuela Orbe, Elena P\u00e9rez de Albeniz, Susana Brauton, primas y primos y dem\u00e1s deudos participan su fallecimiento.<\/p>\n<p>Sin velatorio. Responso: Crematorio Pinos de Paz. Cremaci\u00f3n: crematorio Pinos de Paz, en d\u00eda a confirmar. Servicio adherido a Coopelectric.<\/p>\n<p>Vecina de Barrio Pueblo Nuevo.<\/p>\n<p>Nacida en Olavarr\u00eda.<\/p>\n<p>Jubilada y Pensionada.<\/p>\n","protected":false},"excerpt":{"rendered":"<p>Falleci\u00f3 en Olavarr\u00eda el d\u00eda 5 de abril de 2021 a los 88 a\u00f1os de edad. Hermano Carlos Orbe, sobrino<\/p>\n","protected":false},"author":2,"featured_media":0,"comment_status":"closed","ping_status":"closed","sticky":false,"template":"","format":"standard","meta":{"_jetpack_memberships_contains_paid_content":false,"footnotes":""},"categories":[10],"tags":[],"class_list":["post-18069","post","type-post","status-publish","format-standard","hentry","category-necrologicas"],"jetpack_featured_media_url":"","jetpack_sharing_enabled":true,"_links":{"self":[{"href":"https:\/\/cdnoticias.com\/index.php\/wp-json\/wp\/v2\/posts\/18069","targetHints":{"allow":["GET"]}}],"collection":[{"href":"https:\/\/cdnoticias.com\/index.php\/wp-json\/wp\/v2\/posts"}],"about":[{"href":"https:\/\/cdnoticias.com\/index.php\/wp-json\/wp\/v2\/types\/post"}],"author":[{"embeddable":true,"href":"https:\/\/cdnoticias.com\/index.php\/wp-json\/wp\/v2\/users\/2"}],"replies":[{"embeddable":true,"href":"https:\/\/cdnoticias.com\/index.php\/wp-json\/wp\/v2\/comments?post=18069"}],"version-history":[{"count":0,"href":"https:\/\/cdnoticias.com\/index.php\/wp-json\/wp\/v2\/posts\/18069\/revisions"}],"wp:attachment":[{"href":"https:\/\/cdnoticias.com\/index.php\/wp-json\/wp\/v2\/media?parent=18069"}],"wp:term":[{"taxonomy":"category","embeddable":true,"href":"https:\/\/cdnoticias.com\/index.php\/wp-json\/wp\/v2\/categories?post=18069"},{"taxonomy":"post_tag","embeddable":true,"href":"https:\/\/cdnoticias.com\/index.php\/wp-json\/wp\/v2\/tags?post=18069"}],"curies":[{"name":"wp","href":"https:\/\/api.w.org\/{rel}","templated":true}]}}