{"id":180689,"date":"2025-08-28T18:30:11","date_gmt":"2025-08-28T21:30:11","guid":{"rendered":"https:\/\/cdnoticias.com\/?p=180689"},"modified":"2025-08-28T18:30:13","modified_gmt":"2025-08-28T21:30:13","slug":"hcd-se-llevo-a-cabo-la-11-sesion-ordinaria-del-2025","status":"publish","type":"post","link":"https:\/\/cdnoticias.com\/index.php\/2025\/08\/28\/hcd-se-llevo-a-cabo-la-11-sesion-ordinaria-del-2025\/","title":{"rendered":"HCD: Se llev\u00f3 a cabo la 11\u00b0 sesi\u00f3n ordinaria del 2025\u00a0"},"content":{"rendered":"\n<p>Entre los proyectos, los concejales declararon de inter\u00e9s legislativo municipal la Feria Regional, Ciencia y Tecnolog\u00eda organizada por la Jefatura Regional de Educaci\u00f3n N\u00b025.<\/p>\n\n\n\n<hr class=\"wp-block-separator aligncenter has-alpha-channel-opacity\"\/>\n\n\n\n<p>Este jueves, el <strong>Honorable Concejo Deliberante <\/strong>llev\u00f3 adelante la <strong>decimoprimera sesi\u00f3n ordinaria del periodo 2025<\/strong> en el recinto del HCD ubicado en el CEMO.<\/p>\n\n\n\n<p><\/p>\n\n\n\n<p>La sesi\u00f3n comenz\u00f3 con la<strong> sanci\u00f3n en forma un\u00e1nime de la ordenanza <\/strong>5634\/25 impulsada por el <strong>bloque Uni\u00f3n por la Patria<\/strong> para modificar la ordenanza 3665\/14 de <strong>Peque\u00f1as Unidades Productivas de Alimentos (PUPAs).<\/strong><\/p>\n\n\n\n<p><\/p>\n\n\n\n<figure class=\"wp-block-image aligncenter size-full\"><img data-recalc-dims=\"1\" loading=\"lazy\" decoding=\"async\" width=\"800\" height=\"532\" src=\"https:\/\/i0.wp.com\/cdnoticias.com\/wp-content\/uploads\/2025\/08\/hcd-sesion-2.jpg?resize=800%2C532&#038;ssl=1\" alt=\"\" class=\"wp-image-180693\" srcset=\"https:\/\/i0.wp.com\/cdnoticias.com\/wp-content\/uploads\/2025\/08\/hcd-sesion-2.jpg?w=900&amp;ssl=1 900w, https:\/\/i0.wp.com\/cdnoticias.com\/wp-content\/uploads\/2025\/08\/hcd-sesion-2.jpg?resize=300%2C200&amp;ssl=1 300w, https:\/\/i0.wp.com\/cdnoticias.com\/wp-content\/uploads\/2025\/08\/hcd-sesion-2.jpg?resize=768%2C511&amp;ssl=1 768w, https:\/\/i0.wp.com\/cdnoticias.com\/wp-content\/uploads\/2025\/08\/hcd-sesion-2.jpg?resize=272%2C182&amp;ssl=1 272w\" sizes=\"auto, (max-width: 800px) 100vw, 800px\" \/><\/figure>\n\n\n\n<p><\/p>\n\n\n\n<p>Asimismo, se aprob\u00f3 una resoluci\u00f3n que<strong> declar\u00f3 de inter\u00e9s legislativo<\/strong> municipal lo<strong>s festejos patronales 2025 de la parroquia Nuestra Se\u00f1ora de Monte Viggiano.<\/strong><\/p>\n\n\n\n<p><\/p>\n\n\n\n<blockquote class=\"wp-block-quote is-layout-flow wp-block-quote-is-layout-flow\">\n<p>Por otra parte, los concejales declararon de inter\u00e9s legislativo municipal la Feria Regional, Ciencia y Tecnolog\u00eda organizada por la Jefatura Regional de Educaci\u00f3n N\u00b025.<\/p>\n<\/blockquote>\n\n\n\n<p><\/p>\n\n\n\n<figure class=\"wp-block-image aligncenter size-full\"><img data-recalc-dims=\"1\" loading=\"lazy\" decoding=\"async\" width=\"800\" height=\"532\" src=\"https:\/\/i0.wp.com\/cdnoticias.com\/wp-content\/uploads\/2025\/08\/hcd-sesion-4.jpg?resize=800%2C532&#038;ssl=1\" alt=\"\" class=\"wp-image-180691\" srcset=\"https:\/\/i0.wp.com\/cdnoticias.com\/wp-content\/uploads\/2025\/08\/hcd-sesion-4.jpg?w=900&amp;ssl=1 900w, https:\/\/i0.wp.com\/cdnoticias.com\/wp-content\/uploads\/2025\/08\/hcd-sesion-4.jpg?resize=300%2C200&amp;ssl=1 300w, https:\/\/i0.wp.com\/cdnoticias.com\/wp-content\/uploads\/2025\/08\/hcd-sesion-4.jpg?resize=768%2C511&amp;ssl=1 768w, https:\/\/i0.wp.com\/cdnoticias.com\/wp-content\/uploads\/2025\/08\/hcd-sesion-4.jpg?resize=272%2C182&amp;ssl=1 272w\" sizes=\"auto, (max-width: 800px) 100vw, 800px\" \/><\/figure>\n\n\n\n<p><\/p>\n\n\n\n<p><\/p>\n\n\n\n<p>Luego, el cuerpo<strong> aprob\u00f3 un proyecto de comunicaci\u00f3n presentado por el bloque LLA <\/strong>manifestando <strong>repudio ante los hechos de violencia cometidos contra j\u00f3venes en la ciudad de Jun\u00edn.<\/strong><\/p>\n\n\n\n<p><\/p>\n\n\n\n<p>Por \u00faltimo se sancion\u00f3 un <strong>proyecto de resoluci\u00f3n solicitando al Ejecutivo que d\u00e9 respuesta a pedidos de informes <\/strong>determinados.<\/p>\n\n\n\n<p><\/p>\n\n\n\n<figure class=\"wp-block-image aligncenter size-full\"><img data-recalc-dims=\"1\" loading=\"lazy\" decoding=\"async\" width=\"800\" height=\"532\" src=\"https:\/\/i0.wp.com\/cdnoticias.com\/wp-content\/uploads\/2025\/08\/hcd-sesion1.jpg?resize=800%2C532&#038;ssl=1\" alt=\"\" class=\"wp-image-180694\" srcset=\"https:\/\/i0.wp.com\/cdnoticias.com\/wp-content\/uploads\/2025\/08\/hcd-sesion1.jpg?w=900&amp;ssl=1 900w, https:\/\/i0.wp.com\/cdnoticias.com\/wp-content\/uploads\/2025\/08\/hcd-sesion1.jpg?resize=300%2C200&amp;ssl=1 300w, https:\/\/i0.wp.com\/cdnoticias.com\/wp-content\/uploads\/2025\/08\/hcd-sesion1.jpg?resize=768%2C511&amp;ssl=1 768w, https:\/\/i0.wp.com\/cdnoticias.com\/wp-content\/uploads\/2025\/08\/hcd-sesion1.jpg?resize=272%2C182&amp;ssl=1 272w\" sizes=\"auto, (max-width: 800px) 100vw, 800px\" \/><\/figure>\n","protected":false},"excerpt":{"rendered":"<p>Entre los proyectos, los concejales declararon de inter\u00e9s legislativo municipal la Feria Regional, Ciencia y Tecnolog\u00eda organizada por la Jefatura<\/p>\n","protected":false},"author":6,"featured_media":180692,"comment_status":"closed","ping_status":"closed","sticky":false,"template":"","format":"standard","meta":{"_jetpack_memberships_contains_paid_content":false,"footnotes":""},"categories":[4,1],"tags":[],"class_list":["post-180689","post","type-post","status-publish","format-standard","has-post-thumbnail","hentry","category-politica","category-portada"],"jetpack_featured_media_url":"https:\/\/i0.wp.com\/cdnoticias.com\/wp-content\/uploads\/2025\/08\/hcd-sesion-3.jpg?fit=900%2C599&ssl=1","jetpack_sharing_enabled":true,"_links":{"self":[{"href":"https:\/\/cdnoticias.com\/index.php\/wp-json\/wp\/v2\/posts\/180689","targetHints":{"allow":["GET"]}}],"collection":[{"href":"https:\/\/cdnoticias.com\/index.php\/wp-json\/wp\/v2\/posts"}],"about":[{"href":"https:\/\/cdnoticias.com\/index.php\/wp-json\/wp\/v2\/types\/post"}],"author":[{"embeddable":true,"href":"https:\/\/cdnoticias.com\/index.php\/wp-json\/wp\/v2\/users\/6"}],"replies":[{"embeddable":true,"href":"https:\/\/cdnoticias.com\/index.php\/wp-json\/wp\/v2\/comments?post=180689"}],"version-history":[{"count":0,"href":"https:\/\/cdnoticias.com\/index.php\/wp-json\/wp\/v2\/posts\/180689\/revisions"}],"wp:featuredmedia":[{"embeddable":true,"href":"https:\/\/cdnoticias.com\/index.php\/wp-json\/wp\/v2\/media\/180692"}],"wp:attachment":[{"href":"https:\/\/cdnoticias.com\/index.php\/wp-json\/wp\/v2\/media?parent=180689"}],"wp:term":[{"taxonomy":"category","embeddable":true,"href":"https:\/\/cdnoticias.com\/index.php\/wp-json\/wp\/v2\/categories?post=180689"},{"taxonomy":"post_tag","embeddable":true,"href":"https:\/\/cdnoticias.com\/index.php\/wp-json\/wp\/v2\/tags?post=180689"}],"curies":[{"name":"wp","href":"https:\/\/api.w.org\/{rel}","templated":true}]}}