{"id":18067,"date":"2021-04-06T08:36:00","date_gmt":"2021-04-06T11:36:00","guid":{"rendered":"http:\/\/www.centraldenoticias.com.ar\/?p=18067"},"modified":"2021-04-06T08:36:00","modified_gmt":"2021-04-06T11:36:00","slug":"rosa-catalina-da-silva-viuda-de-dos-santos-q-e-p-d","status":"publish","type":"post","link":"https:\/\/cdnoticias.com\/index.php\/2021\/04\/06\/rosa-catalina-da-silva-viuda-de-dos-santos-q-e-p-d\/","title":{"rendered":"Rosa Catalina Da Silva viuda de Dos Santos (Q.E.P.D.)"},"content":{"rendered":"<p>Falleci\u00f3 en Olavarr\u00eda el d\u00eda 5 de abril de 2021 a los 91 a\u00f1os de edad. Sus hijos Marta y Ricardo Dos Santos. Sus nietos Diego, Emiliano, Anal\u00eda y Gabriel Dos Santos. Su bisnieto Camilo. Sus sobrinos. Sus sobrinos y dem\u00e1s deudos participan su fallecimiento.<\/p>\n<p>Velatorio: Espa\u00f1a 2942 departamento &#8220;B&#8221;. La sala se habilita a las 13:30 horas. Responso: Capilla Ardiente. Inhumaci\u00f3n: Cementerio Loma de Paz, martes 6 de marzo a las 15:30 horas. Servicio adherido a Coopelectric.<\/p>\n<p>Vecina de Microcentro.<\/p>\n<p>Nacida en Olavarr\u00eda.<\/p>\n<p>Jubilada y Pensionada.<\/p>\n","protected":false},"excerpt":{"rendered":"<p>Falleci\u00f3 en Olavarr\u00eda el d\u00eda 5 de abril de 2021 a los 91 a\u00f1os de edad. Sus hijos Marta y<\/p>\n","protected":false},"author":2,"featured_media":0,"comment_status":"closed","ping_status":"closed","sticky":false,"template":"","format":"standard","meta":{"_jetpack_memberships_contains_paid_content":false,"footnotes":""},"categories":[10],"tags":[],"class_list":["post-18067","post","type-post","status-publish","format-standard","hentry","category-necrologicas"],"jetpack_featured_media_url":"","jetpack_sharing_enabled":true,"_links":{"self":[{"href":"https:\/\/cdnoticias.com\/index.php\/wp-json\/wp\/v2\/posts\/18067","targetHints":{"allow":["GET"]}}],"collection":[{"href":"https:\/\/cdnoticias.com\/index.php\/wp-json\/wp\/v2\/posts"}],"about":[{"href":"https:\/\/cdnoticias.com\/index.php\/wp-json\/wp\/v2\/types\/post"}],"author":[{"embeddable":true,"href":"https:\/\/cdnoticias.com\/index.php\/wp-json\/wp\/v2\/users\/2"}],"replies":[{"embeddable":true,"href":"https:\/\/cdnoticias.com\/index.php\/wp-json\/wp\/v2\/comments?post=18067"}],"version-history":[{"count":0,"href":"https:\/\/cdnoticias.com\/index.php\/wp-json\/wp\/v2\/posts\/18067\/revisions"}],"wp:attachment":[{"href":"https:\/\/cdnoticias.com\/index.php\/wp-json\/wp\/v2\/media?parent=18067"}],"wp:term":[{"taxonomy":"category","embeddable":true,"href":"https:\/\/cdnoticias.com\/index.php\/wp-json\/wp\/v2\/categories?post=18067"},{"taxonomy":"post_tag","embeddable":true,"href":"https:\/\/cdnoticias.com\/index.php\/wp-json\/wp\/v2\/tags?post=18067"}],"curies":[{"name":"wp","href":"https:\/\/api.w.org\/{rel}","templated":true}]}}