{"id":18065,"date":"2021-04-06T08:32:19","date_gmt":"2021-04-06T11:32:19","guid":{"rendered":"http:\/\/www.centraldenoticias.com.ar\/?p=18065"},"modified":"2021-04-06T08:32:19","modified_gmt":"2021-04-06T11:32:19","slug":"adelina-matilde-masson-wagner-viuda-de-rojo-q-e-p-d","status":"publish","type":"post","link":"https:\/\/cdnoticias.com\/index.php\/2021\/04\/06\/adelina-matilde-masson-wagner-viuda-de-rojo-q-e-p-d\/","title":{"rendered":"Adelina Matilde Masson Wagner viuda de Rojo (Q.E.P.D.)"},"content":{"rendered":"<p>Falleci\u00f3 en Olavarr\u00eda el d\u00eda 6 de abril de 2021 a los 91 a\u00f1os de edad. Su hija Edith Rojo, sus nietas Alejandra y Mariela Bilbao; Sus bisnietos Thiara, Sabrina, D\u00e9bora y Luka; Su nieto pol\u00edtico Esteban Gaviatti, su acompa\u00f1ante Celeste Reger y dem\u00e1s deudos participan su fallecimiento.<\/p>\n<p>Velatorio: Sala &#8221;A&#8221; de Sierras Bayas a partir de las 07:30 am. Responso: Capilla ardiente. Inhumaci\u00f3n: Cementerio Municipal de Sierras Bayas, martes 6 a las 09:30 am. Servicio adherido a Coopelectric.<\/p>\n<p>Barrio en el que viv\u00eda: Villa Arrieta<\/p>\n<p>Lugar de nacimiento: Sierras Bayas<\/p>\n<p>Actividad que desarrollaba: Jubilada<\/p>\n","protected":false},"excerpt":{"rendered":"<p>Falleci\u00f3 en Olavarr\u00eda el d\u00eda 6 de abril de 2021 a los 91 a\u00f1os de edad. Su hija Edith Rojo,<\/p>\n","protected":false},"author":2,"featured_media":0,"comment_status":"closed","ping_status":"closed","sticky":false,"template":"","format":"standard","meta":{"_jetpack_memberships_contains_paid_content":false,"footnotes":""},"categories":[10],"tags":[],"class_list":["post-18065","post","type-post","status-publish","format-standard","hentry","category-necrologicas"],"jetpack_featured_media_url":"","jetpack_sharing_enabled":true,"_links":{"self":[{"href":"https:\/\/cdnoticias.com\/index.php\/wp-json\/wp\/v2\/posts\/18065","targetHints":{"allow":["GET"]}}],"collection":[{"href":"https:\/\/cdnoticias.com\/index.php\/wp-json\/wp\/v2\/posts"}],"about":[{"href":"https:\/\/cdnoticias.com\/index.php\/wp-json\/wp\/v2\/types\/post"}],"author":[{"embeddable":true,"href":"https:\/\/cdnoticias.com\/index.php\/wp-json\/wp\/v2\/users\/2"}],"replies":[{"embeddable":true,"href":"https:\/\/cdnoticias.com\/index.php\/wp-json\/wp\/v2\/comments?post=18065"}],"version-history":[{"count":0,"href":"https:\/\/cdnoticias.com\/index.php\/wp-json\/wp\/v2\/posts\/18065\/revisions"}],"wp:attachment":[{"href":"https:\/\/cdnoticias.com\/index.php\/wp-json\/wp\/v2\/media?parent=18065"}],"wp:term":[{"taxonomy":"category","embeddable":true,"href":"https:\/\/cdnoticias.com\/index.php\/wp-json\/wp\/v2\/categories?post=18065"},{"taxonomy":"post_tag","embeddable":true,"href":"https:\/\/cdnoticias.com\/index.php\/wp-json\/wp\/v2\/tags?post=18065"}],"curies":[{"name":"wp","href":"https:\/\/api.w.org\/{rel}","templated":true}]}}