{"id":18063,"date":"2021-04-06T08:30:29","date_gmt":"2021-04-06T11:30:29","guid":{"rendered":"http:\/\/www.centraldenoticias.com.ar\/?p=18063"},"modified":"2021-04-06T08:30:29","modified_gmt":"2021-04-06T11:30:29","slug":"norma-iris-forletti-de-cea-mamina-q-e-p-d","status":"publish","type":"post","link":"https:\/\/cdnoticias.com\/index.php\/2021\/04\/06\/norma-iris-forletti-de-cea-mamina-q-e-p-d\/","title":{"rendered":"Norma Iris Forletti De Cea &#8221;Mamina&#8221; (Q.E.P.D.)"},"content":{"rendered":"<p>Falleci\u00f3 en Olavarr\u00eda el d\u00eda 6 de abril de 2021 a los 86 a\u00f1os de edad.<\/p>\n<p>Sin velatorio. Responso: Cementerio Municipal de Olavarr\u00eda. Inhumaci\u00f3n: Cementerio Municipal de Olavarr\u00eda, martes 6 a las 11:00 am. Servicio adherido a Coopelectric.<\/p>\n<p>Actividad que desarrollaba: Ama de casa<\/p>\n","protected":false},"excerpt":{"rendered":"<p>Falleci\u00f3 en Olavarr\u00eda el d\u00eda 6 de abril de 2021 a los 86 a\u00f1os de edad. Sin velatorio. Responso: Cementerio<\/p>\n","protected":false},"author":2,"featured_media":0,"comment_status":"closed","ping_status":"closed","sticky":false,"template":"","format":"standard","meta":{"_jetpack_memberships_contains_paid_content":false,"footnotes":""},"categories":[10],"tags":[],"class_list":["post-18063","post","type-post","status-publish","format-standard","hentry","category-necrologicas"],"jetpack_featured_media_url":"","jetpack_sharing_enabled":true,"_links":{"self":[{"href":"https:\/\/cdnoticias.com\/index.php\/wp-json\/wp\/v2\/posts\/18063","targetHints":{"allow":["GET"]}}],"collection":[{"href":"https:\/\/cdnoticias.com\/index.php\/wp-json\/wp\/v2\/posts"}],"about":[{"href":"https:\/\/cdnoticias.com\/index.php\/wp-json\/wp\/v2\/types\/post"}],"author":[{"embeddable":true,"href":"https:\/\/cdnoticias.com\/index.php\/wp-json\/wp\/v2\/users\/2"}],"replies":[{"embeddable":true,"href":"https:\/\/cdnoticias.com\/index.php\/wp-json\/wp\/v2\/comments?post=18063"}],"version-history":[{"count":0,"href":"https:\/\/cdnoticias.com\/index.php\/wp-json\/wp\/v2\/posts\/18063\/revisions"}],"wp:attachment":[{"href":"https:\/\/cdnoticias.com\/index.php\/wp-json\/wp\/v2\/media?parent=18063"}],"wp:term":[{"taxonomy":"category","embeddable":true,"href":"https:\/\/cdnoticias.com\/index.php\/wp-json\/wp\/v2\/categories?post=18063"},{"taxonomy":"post_tag","embeddable":true,"href":"https:\/\/cdnoticias.com\/index.php\/wp-json\/wp\/v2\/tags?post=18063"}],"curies":[{"name":"wp","href":"https:\/\/api.w.org\/{rel}","templated":true}]}}