{"id":18060,"date":"2021-04-05T21:26:00","date_gmt":"2021-04-06T00:26:00","guid":{"rendered":"http:\/\/www.centraldenoticias.com.ar\/?p=18060"},"modified":"2021-04-05T21:26:00","modified_gmt":"2021-04-06T00:26:00","slug":"abel-lazaro-miranda-q-e-p-d","status":"publish","type":"post","link":"https:\/\/cdnoticias.com\/index.php\/2021\/04\/05\/abel-lazaro-miranda-q-e-p-d\/","title":{"rendered":"Abel L\u00e1zaro Miranda (Q.E.P.D.)"},"content":{"rendered":"<p>Falleci\u00f3 en Olavarr\u00eda el d\u00eda 5 de Abril de 2021 a los 78 a\u00f1os de edad. Su esposa: Stella Maris Salicio, sus hijos Javier, Germ\u00e1n y Natalia, sus hijos pol\u00edticos Sergio Viola, Eliana G\u00f3mez y Chacha, sus nietos Alexis, Lautaro, Luciano, Nicol\u00e1s, Luz y Valentina, su bisnieto Benjam\u00edn, sus hermanos, hermanos pol\u00edticos, sobrinos y dem\u00e1s deudos participan su fallecimiento.<\/p>\n<p>&nbsp;<\/p>\n<p>Sus restos ser\u00e1n velados y cremados en fecha a confirmar. Servicio adherido a Coopelectric.<\/p>\n<p>&nbsp;<\/p>\n<p>Nacido en Espigas, vecino del barrio Hip\u00f3lito Irigoyen. Jubilado y Pensionado.<\/p>\n<p>&nbsp;<\/p>\n","protected":false},"excerpt":{"rendered":"<p>Falleci\u00f3 en Olavarr\u00eda el d\u00eda 5 de Abril de 2021 a los 78 a\u00f1os de edad. Su esposa: Stella Maris<\/p>\n","protected":false},"author":3,"featured_media":0,"comment_status":"closed","ping_status":"closed","sticky":false,"template":"","format":"standard","meta":{"_jetpack_memberships_contains_paid_content":false,"footnotes":""},"categories":[10],"tags":[],"class_list":["post-18060","post","type-post","status-publish","format-standard","hentry","category-necrologicas"],"jetpack_featured_media_url":"","jetpack_sharing_enabled":true,"_links":{"self":[{"href":"https:\/\/cdnoticias.com\/index.php\/wp-json\/wp\/v2\/posts\/18060","targetHints":{"allow":["GET"]}}],"collection":[{"href":"https:\/\/cdnoticias.com\/index.php\/wp-json\/wp\/v2\/posts"}],"about":[{"href":"https:\/\/cdnoticias.com\/index.php\/wp-json\/wp\/v2\/types\/post"}],"author":[{"embeddable":true,"href":"https:\/\/cdnoticias.com\/index.php\/wp-json\/wp\/v2\/users\/3"}],"replies":[{"embeddable":true,"href":"https:\/\/cdnoticias.com\/index.php\/wp-json\/wp\/v2\/comments?post=18060"}],"version-history":[{"count":0,"href":"https:\/\/cdnoticias.com\/index.php\/wp-json\/wp\/v2\/posts\/18060\/revisions"}],"wp:attachment":[{"href":"https:\/\/cdnoticias.com\/index.php\/wp-json\/wp\/v2\/media?parent=18060"}],"wp:term":[{"taxonomy":"category","embeddable":true,"href":"https:\/\/cdnoticias.com\/index.php\/wp-json\/wp\/v2\/categories?post=18060"},{"taxonomy":"post_tag","embeddable":true,"href":"https:\/\/cdnoticias.com\/index.php\/wp-json\/wp\/v2\/tags?post=18060"}],"curies":[{"name":"wp","href":"https:\/\/api.w.org\/{rel}","templated":true}]}}