{"id":18055,"date":"2021-04-05T20:33:39","date_gmt":"2021-04-05T23:33:39","guid":{"rendered":"http:\/\/www.centraldenoticias.com.ar\/?p=18055"},"modified":"2021-04-06T09:20:39","modified_gmt":"2021-04-06T12:20:39","slug":"una-por-una-las-nuevas-restricciones-por-la-segunda-ola-de-covid-en-olavarria","status":"publish","type":"post","link":"https:\/\/cdnoticias.com\/index.php\/2021\/04\/05\/una-por-una-las-nuevas-restricciones-por-la-segunda-ola-de-covid-en-olavarria\/","title":{"rendered":"Una por una, las nuevas restricciones por la segunda ola de COVID en Olavarr\u00eda"},"content":{"rendered":"<p>No se permitir\u00e1n las reuniones sociales por 14 d\u00edas. Las competencias deportivas, todas suspendidas. Tambi\u00e9n los eventos culturales, sociales, recreativos y religiosos. El listado.\u00a0<!--more--><\/p>\n<hr \/>\n<p>Olavarr\u00eda<a href=\"https:\/\/cdnoticias.com\/index.php\/2021\/04\/05\/aumento-record-se-detectaron-mas-de-250-casos-de-coronavirus-en-olavarria\/\" target=\"_blank\" rel=\"noopener\"> se acerca a los mil casos activos por COVID<\/a>, y en ese sentido <a href=\"https:\/\/cdnoticias.com\/index.php\/2021\/04\/05\/en-un-pico-record-galli-anuncio-nuevas-restricciones-y-alertaron-por-la-ocupacion-hospitalaria\/\" target=\"_blank\" rel=\"noopener\">el Municipio tom\u00f3 la determinaci\u00f3n de realizar mayores restricciones en sectores para descomprimir una situaci\u00f3n que se agudiza hora tras hora,<\/a> seg\u00fan los dichos del Secretario de Salud Germ\u00e1n Caputo.<\/p>\n<p>&nbsp;<\/p>\n<p>Con el objetivo de descomprimir la alt\u00edsima ocupaci\u00f3n hospitalaria,<strong> se tomaron varias medidas de suspensi\u00f3n centralizadas en, principalmente, las reuniones sociales. No se podr\u00e1n realizar bajo ning\u00fan aspecto, dijo el intendente Galli.<\/strong><\/p>\n<p>&nbsp;<\/p>\n<p>Adem\u00e1s, se suspendieron\/restringieron las siguientes actividades:<\/p>\n<p>&nbsp;<\/p>\n<p><strong>-Talleres culturales<\/strong><\/p>\n<p>&nbsp;<\/p>\n<p><strong>-Eventos culturales, sociales, recreativos y religiosos<\/strong><\/p>\n<p>&nbsp;<\/p>\n<p><strong>-Competencias deportivas suspendidas<\/strong> <em>(ya hab\u00eda sido suspendida la Burbuja de la Liga Argentina, evento donde participa el club Estudiantes).<\/em><\/p>\n<p>&nbsp;<\/p>\n<p>&#8211;<strong>Cerrar\u00e1n los lugares de culto<\/strong><\/p>\n<p>&nbsp;<\/p>\n<p><strong>-Se suspender\u00e1n las ferias de emprendedores y artesanos<\/strong><\/p>\n<p>&nbsp;<\/p>\n<p>Finalmente,<strong> el intendente Galli apel\u00f3 a la colaboraci\u00f3n de los j\u00f3venes y la poblaci\u00f3n en general<\/strong>: <em>\u201cMe pongo en la piel de los j\u00f3venes que quieren tener su fiesta pero estamos en pandemia, seguimos en pandemia\u201d.<\/em><\/p>\n<p>&nbsp;<\/p>\n<blockquote><p>\u201cLes pedimos de coraz\u00f3n que tengan un poco de empat\u00eda con los trabajadores de la salud, porque realmente no dan m\u00e1s. No queremos llegar al punto de tener que cerrar todo porque la econom\u00eda est\u00e1 diezmada\u201d agreg\u00f3.<\/p><\/blockquote>\n<p>&nbsp;<\/p>\n<p>Para finalizar, indic\u00f3 que <em>\u201cnecesitamos que la poblaci\u00f3n nos ayude, cumpliendo con los protocolos, no haciendo fiestas clandestinas&#8230; en este momento no podemos hacerlo. Si nosotros compramos 20 camas para terapia intensiva, lo podemos hacer, pero no tenemos el recurso humano\u201d<\/em> cerr\u00f3.<\/p>\n","protected":false},"excerpt":{"rendered":"<p>No se permitir\u00e1n las reuniones sociales por 14 d\u00edas. Las competencias deportivas, todas suspendidas. Tambi\u00e9n los eventos culturales, sociales, recreativos<\/p>\n","protected":false},"author":2,"featured_media":17913,"comment_status":"closed","ping_status":"closed","sticky":false,"template":"","format":"standard","meta":{"_jetpack_memberships_contains_paid_content":false,"footnotes":""},"categories":[5,1],"tags":[],"class_list":["post-18055","post","type-post","status-publish","format-standard","has-post-thumbnail","hentry","category-informacion-general","category-portada"],"jetpack_featured_media_url":"https:\/\/i0.wp.com\/cdnoticias.com\/wp-content\/uploads\/2021\/04\/00-ccm-nastybomb-tapa.jpg?fit=1000%2C556&ssl=1","jetpack_sharing_enabled":true,"_links":{"self":[{"href":"https:\/\/cdnoticias.com\/index.php\/wp-json\/wp\/v2\/posts\/18055","targetHints":{"allow":["GET"]}}],"collection":[{"href":"https:\/\/cdnoticias.com\/index.php\/wp-json\/wp\/v2\/posts"}],"about":[{"href":"https:\/\/cdnoticias.com\/index.php\/wp-json\/wp\/v2\/types\/post"}],"author":[{"embeddable":true,"href":"https:\/\/cdnoticias.com\/index.php\/wp-json\/wp\/v2\/users\/2"}],"replies":[{"embeddable":true,"href":"https:\/\/cdnoticias.com\/index.php\/wp-json\/wp\/v2\/comments?post=18055"}],"version-history":[{"count":0,"href":"https:\/\/cdnoticias.com\/index.php\/wp-json\/wp\/v2\/posts\/18055\/revisions"}],"wp:featuredmedia":[{"embeddable":true,"href":"https:\/\/cdnoticias.com\/index.php\/wp-json\/wp\/v2\/media\/17913"}],"wp:attachment":[{"href":"https:\/\/cdnoticias.com\/index.php\/wp-json\/wp\/v2\/media?parent=18055"}],"wp:term":[{"taxonomy":"category","embeddable":true,"href":"https:\/\/cdnoticias.com\/index.php\/wp-json\/wp\/v2\/categories?post=18055"},{"taxonomy":"post_tag","embeddable":true,"href":"https:\/\/cdnoticias.com\/index.php\/wp-json\/wp\/v2\/tags?post=18055"}],"curies":[{"name":"wp","href":"https:\/\/api.w.org\/{rel}","templated":true}]}}