{"id":180514,"date":"2025-08-27T09:55:53","date_gmt":"2025-08-27T12:55:53","guid":{"rendered":"https:\/\/cdnoticias.com\/?p=180514"},"modified":"2025-08-27T12:54:53","modified_gmt":"2025-08-27T15:54:53","slug":"karina-milei-quiere-hacer-pie-en-la-septima-que-se-sabe-de-su-llegada-a-olavarria","status":"publish","type":"post","link":"https:\/\/cdnoticias.com\/index.php\/2025\/08\/27\/karina-milei-quiere-hacer-pie-en-la-septima-que-se-sabe-de-su-llegada-a-olavarria\/","title":{"rendered":"Karina Milei quiere hacer pie en la S\u00e9ptima: qu\u00e9 se sabe de su llegada a Olavarr\u00eda"},"content":{"rendered":"<p>El acto est\u00e1 programado para la tarde del s\u00e1bado en el Club Mariano Moreno. Estar\u00e1n Sebasti\u00e1n Pareja, Diego Santilli y Jos\u00e9 Luis Espert. Se espera tambi\u00e9n a un funcionario del Gabinete.<!--more--><\/p>\n<hr \/>\n<p><a href=\"https:\/\/cdnoticias.com\/index.php\/2025\/08\/26\/karina-milei-organiza-su-llegada-a-olavarria\/\" target=\"_blank\" rel=\"noopener\">Tal como se adelant\u00f3<\/a>, <strong>el s\u00e1bado estar\u00e1 Karina Milei en Olavarr\u00eda<\/strong> para encabezar un acto de <strong>presentaci\u00f3n de los candidatos seccionales y locales de La Libertad Avanza<\/strong>. Se trata de los postulantes para la <strong>elecci\u00f3n legislativa bonaerense<\/strong> a desarrollarse el <strong>7 de septiembre<\/strong>.<\/p>\n<p>Si bien <strong>el acto est\u00e1 en proceso de organizaci\u00f3n<\/strong>, comienzan a conocerse algunas precisiones sobre lo que suceder\u00e1.<\/p>\n<p>La llegada de la secretaria general de la presidencia y hermana de Javier Milei se da en medio del <strong>esc\u00e1ndalo por cobro de coimas en el sector farmac\u00e9utico a partir de la Agencia Nacional de Discapacidad<\/strong>. Se difundieron audios del <a href=\"https:\/\/cdnoticias.com\/index.php\/2025\/08\/21\/desplazan-a-spagnuolo-de-la-agencia-de-discapacidad-por-el-escandalo-de-los-audios\/\" target=\"_blank\" rel=\"noopener\">ex titular del organismo, Diego Spagnuolo<\/a>, quien ubica justamente a <strong>Karina Milei como una de las destinatarias de los supuestos cobros irregulares.<\/strong><\/p>\n<p>Entre los roles que asumi\u00f3 la hermana del Presidente de la Naci\u00f3n est\u00e1 la de <strong>armadora de La Libertad Avanza<\/strong> y es as\u00ed que se da su pr\u00f3xima visita a la S\u00e9ptima Secci\u00f3n electoral. Su llegada se plantea con doble actividad: <strong>se organiza un acto en Olavarr\u00eda y otro en Azul para el mismo s\u00e1bado<\/strong>. Ambos distritos suman alrededor del<strong> 60% del electorado de la secci\u00f3n<\/strong> y, cabe resaltar, <strong>varias encuestas previeron un resultado favorable a los candidatos libertarios<\/strong> en la elecci\u00f3n de senadores provinciales.<\/p>\n<blockquote><p>Seg\u00fan se pudo saber, el acto en nuestra ciudad se har\u00e1 el s\u00e1bado a primera hora de la tarde -podr\u00eda ser a las 15- en el Club Mariano Moreno. Karina Milei estar\u00e1 acompa\u00f1ada tambi\u00e9n por los candidatos nacionales para las elecciones legislativas del 26 de octubre: Jos\u00e9 Luis Espert, primero en la lista para diputados bonaerenses, ser\u00eda uno de ellos. Tambi\u00e9n se espera la presencia del tercero y el quinto candidatos de esa lista: Diego Santilli y Sebasti\u00e1n Pareja, quien adem\u00e1s fue el armador bonaerense de La Libertad Avanza.<\/p><\/blockquote>\n<p>Asimismo se especulaba con la llegada de alg\u00fan funcionario del Gabinete. Los ministros <strong>Luis Caputo o Federico Sturzenegger<\/strong> fueron mencionados como posibles acompa\u00f1antes para el acto local.<\/p>\n<p>El objetivo principal del acto ser\u00e1<strong> potenciar a los candidatos seccionales y locales<\/strong> del frente libertario. En ese sentido, se espera la presentaci\u00f3n de <strong>Alejandro Speroni, Celeste Arouxet y Ezequiel Galli<\/strong>, quienes compiten por bancas en el senado provincial. Tambi\u00e9n de los principales candidatos al Concejo Deliberante de Olavarr\u00eda, lista que encabeza el joven <strong>Nicol\u00e1s Zampini<\/strong>.<\/p>\n<blockquote class=\"wp-embedded-content\" data-secret=\"RweUmtFtaK\"><p><a href=\"https:\/\/cdnoticias.com\/index.php\/2025\/08\/26\/karina-milei-organiza-su-llegada-a-olavarria\/\">Karina Milei organiza su llegada a Olavarr\u00eda<\/a><\/p><\/blockquote>\n<p><iframe loading=\"lazy\" class=\"wp-embedded-content\" sandbox=\"allow-scripts\" security=\"restricted\" style=\"position: absolute; visibility: hidden;\" title=\"&#8220;Karina Milei organiza su llegada a Olavarr\u00eda&#8221; &#8212; Central de Noticias | Olavarr\u00eda\" src=\"https:\/\/cdnoticias.com\/index.php\/2025\/08\/26\/karina-milei-organiza-su-llegada-a-olavarria\/embed\/#?secret=eVYHfKIDmG#?secret=RweUmtFtaK\" data-secret=\"RweUmtFtaK\" width=\"600\" height=\"338\" frameborder=\"0\" marginwidth=\"0\" marginheight=\"0\" scrolling=\"no\"><\/iframe><\/p>\n","protected":false},"excerpt":{"rendered":"<p>El acto est\u00e1 programado para la tarde del s\u00e1bado en el Club Mariano Moreno. Estar\u00e1n Sebasti\u00e1n Pareja, Diego Santilli y<\/p>\n","protected":false},"author":4,"featured_media":180515,"comment_status":"closed","ping_status":"closed","sticky":false,"template":"","format":"standard","meta":{"_jetpack_memberships_contains_paid_content":false,"footnotes":""},"categories":[4,1],"tags":[],"class_list":["post-180514","post","type-post","status-publish","format-standard","has-post-thumbnail","hentry","category-politica","category-portada"],"jetpack_featured_media_url":"https:\/\/i0.wp.com\/cdnoticias.com\/wp-content\/uploads\/2025\/08\/karina-milei-sebastian-pareja-00.jpg?fit=790%2C440&ssl=1","jetpack_sharing_enabled":true,"_links":{"self":[{"href":"https:\/\/cdnoticias.com\/index.php\/wp-json\/wp\/v2\/posts\/180514","targetHints":{"allow":["GET"]}}],"collection":[{"href":"https:\/\/cdnoticias.com\/index.php\/wp-json\/wp\/v2\/posts"}],"about":[{"href":"https:\/\/cdnoticias.com\/index.php\/wp-json\/wp\/v2\/types\/post"}],"author":[{"embeddable":true,"href":"https:\/\/cdnoticias.com\/index.php\/wp-json\/wp\/v2\/users\/4"}],"replies":[{"embeddable":true,"href":"https:\/\/cdnoticias.com\/index.php\/wp-json\/wp\/v2\/comments?post=180514"}],"version-history":[{"count":0,"href":"https:\/\/cdnoticias.com\/index.php\/wp-json\/wp\/v2\/posts\/180514\/revisions"}],"wp:featuredmedia":[{"embeddable":true,"href":"https:\/\/cdnoticias.com\/index.php\/wp-json\/wp\/v2\/media\/180515"}],"wp:attachment":[{"href":"https:\/\/cdnoticias.com\/index.php\/wp-json\/wp\/v2\/media?parent=180514"}],"wp:term":[{"taxonomy":"category","embeddable":true,"href":"https:\/\/cdnoticias.com\/index.php\/wp-json\/wp\/v2\/categories?post=180514"},{"taxonomy":"post_tag","embeddable":true,"href":"https:\/\/cdnoticias.com\/index.php\/wp-json\/wp\/v2\/tags?post=180514"}],"curies":[{"name":"wp","href":"https:\/\/api.w.org\/{rel}","templated":true}]}}