{"id":18051,"date":"2021-04-05T20:21:15","date_gmt":"2021-04-05T23:21:15","guid":{"rendered":"http:\/\/www.centraldenoticias.com.ar\/?p=18051"},"modified":"2021-04-05T20:33:49","modified_gmt":"2021-04-05T23:33:49","slug":"en-un-pico-record-galli-anuncio-nuevas-restricciones-y-alertaron-por-la-ocupacion-hospitalaria","status":"publish","type":"post","link":"https:\/\/cdnoticias.com\/index.php\/2021\/04\/05\/en-un-pico-record-galli-anuncio-nuevas-restricciones-y-alertaron-por-la-ocupacion-hospitalaria\/","title":{"rendered":"En un pico r\u00e9cord, Galli anunci\u00f3 nuevas restricciones y alertaron por la ocupaci\u00f3n hospitalaria"},"content":{"rendered":"<p>El secretario de Salud Germ\u00e1n Caputo admiti\u00f3 que la situaci\u00f3n del centro de salud es \u201cpreocupante\u201d y la ocupaci\u00f3n \u201ccasi total\u201d. La ciudad se acerca a los mil casos activos.\u00a0<!--more--><\/p>\n<hr \/>\n<p>En un lunes complejo para la situaci\u00f3n epidemiol\u00f3gica de Olavarr\u00eda, <strong>el intendente Galli y el secretario de Salud, Germ\u00e1n Caputo, brindaron una conferencia de prensa donde realizaron anuncios de nuevas restricciones y alertaron sobre la aguda situaci\u00f3n del Partido.<\/strong><\/p>\n<p>&nbsp;<\/p>\n<p>Tras brindar el parte m\u00e9dico diario, el secretario de Salud fue el primero en analizar las cifras, que las catalog\u00f3 de <strong><em>\u201calarmantes\u201d<\/em><\/strong>, adem\u00e1s de se\u00f1alar <strong><em>\u201cmucha sintomatolog\u00eda en pacientes\u201d. \u201cHay muchos testeos pero muchos casos positivos\u201d<\/em> <\/strong>dijo Caputo.<\/p>\n<p>&nbsp;<\/p>\n<blockquote><p>Si bien indic\u00f3 que el objetivo de la gesti\u00f3n es \u201cdarle prioridad al aspecto econ\u00f3mico\u201d admiti\u00f3 que en esta ocasi\u00f3n \u201cla ocupaci\u00f3n hospitalaria es preocupante y casi total\u201d.<\/p><\/blockquote>\n<p>&nbsp;<\/p>\n<p>Justamente, el monitoreo del Hospital pas\u00f3 de ser<strong> d\u00eda a d\u00eda a \u201chora a hora\u201d y pidieron, otra vez, a los vecinos que <em>\u201caumenten las medidas de bioseguridad, sino vamos derecho a un colapso\u201d.<\/em><\/strong><\/p>\n<p>&nbsp;<\/p>\n<blockquote><p>\u201cEl sistema de salud es finito, tiene un l\u00edmite y estamos cerca. El personal de Salud est\u00e1 cansado, diezmado\u201d y confirm\u00f3 que hay personal enfermo.<\/p><\/blockquote>\n<p>&nbsp;<\/p>\n<p>Al finalizar, Galli indic\u00f3 que buscan priorizar lo econ\u00f3mico y tambi\u00e9n que los ni\u00f1os y ni\u00f1as contin\u00faen con las clases presenciales.<em> \u201cVamos a monitorear la ocupaci\u00f3n hospitalaria, es nuestra prioridad absoluta por encima de todo lo dem\u00e1s\u201d.<\/em><\/p>\n<p>&nbsp;<\/p>\n<p>Admitieron, en tanto, que <strong>el pico de la segunda ola <em>\u201cpuede durar cuatro semanas m\u00e1s\u201d.<\/em><\/strong><\/p>\n<p>&nbsp;<\/p>\n<p><img data-recalc-dims=\"1\" loading=\"lazy\" decoding=\"async\" class=\"alignnone size-full wp-image-18053\" src=\"https:\/\/i0.wp.com\/cdnoticias.com\/wp-content\/uploads\/2021\/04\/conferencia-galli1.jpg?resize=800%2C600&#038;ssl=1\" alt=\"\" width=\"800\" height=\"600\" srcset=\"https:\/\/i0.wp.com\/cdnoticias.com\/wp-content\/uploads\/2021\/04\/conferencia-galli1.jpg?w=1040&amp;ssl=1 1040w, https:\/\/i0.wp.com\/cdnoticias.com\/wp-content\/uploads\/2021\/04\/conferencia-galli1.jpg?resize=300%2C225&amp;ssl=1 300w, https:\/\/i0.wp.com\/cdnoticias.com\/wp-content\/uploads\/2021\/04\/conferencia-galli1.jpg?resize=768%2C576&amp;ssl=1 768w, https:\/\/i0.wp.com\/cdnoticias.com\/wp-content\/uploads\/2021\/04\/conferencia-galli1.jpg?resize=1024%2C768&amp;ssl=1 1024w\" sizes=\"auto, (max-width: 800px) 100vw, 800px\" \/><\/p>\n<p>&nbsp;<\/p>\n<p>Como buena noticia<strong> destacaron la llegada de m\u00e1s de 3.500 vacunas a la ciudad y Galli inst\u00f3 a los vecinos a anotarse en la p\u00e1gina dispuesta por la Provincia de Buenos Aires.<\/strong><\/p>\n<p>&nbsp;<\/p>\n<p>A la espera de anuncios de la Provincia, <strong>Galli inform\u00f3 que se suspender\u00e1n las reuniones sociales por completo. Se suspenden todo tipo de eventos sociales, culturales, religiosos, as\u00ed como tambi\u00e9n de competencias deportivas por 14 d\u00edas.<\/strong><\/p>\n<p>&nbsp;<\/p>\n<p><strong>Cerrar\u00e1n los lugares de culto, suspender\u00e1n las ferias de artesanos al aire libre, y la novedad estuvo en que bares y restaurantes volver\u00e1n a las reservas previas, con m\u00e1ximo de 4 personas a excepci\u00f3n de personas convivientes que podr\u00e1n ser m\u00e1s de 4.<\/strong><\/p>\n","protected":false},"excerpt":{"rendered":"<p>El secretario de Salud Germ\u00e1n Caputo admiti\u00f3 que la situaci\u00f3n del centro de salud es \u201cpreocupante\u201d y la ocupaci\u00f3n \u201ccasi<\/p>\n","protected":false},"author":2,"featured_media":18052,"comment_status":"closed","ping_status":"closed","sticky":false,"template":"","format":"standard","meta":{"_jetpack_memberships_contains_paid_content":false,"footnotes":""},"categories":[5,1],"tags":[],"class_list":["post-18051","post","type-post","status-publish","format-standard","has-post-thumbnail","hentry","category-informacion-general","category-portada"],"jetpack_featured_media_url":"https:\/\/i0.wp.com\/cdnoticias.com\/wp-content\/uploads\/2021\/04\/conferencia-galli.jpg?fit=1040%2C780&ssl=1","jetpack_sharing_enabled":true,"_links":{"self":[{"href":"https:\/\/cdnoticias.com\/index.php\/wp-json\/wp\/v2\/posts\/18051","targetHints":{"allow":["GET"]}}],"collection":[{"href":"https:\/\/cdnoticias.com\/index.php\/wp-json\/wp\/v2\/posts"}],"about":[{"href":"https:\/\/cdnoticias.com\/index.php\/wp-json\/wp\/v2\/types\/post"}],"author":[{"embeddable":true,"href":"https:\/\/cdnoticias.com\/index.php\/wp-json\/wp\/v2\/users\/2"}],"replies":[{"embeddable":true,"href":"https:\/\/cdnoticias.com\/index.php\/wp-json\/wp\/v2\/comments?post=18051"}],"version-history":[{"count":0,"href":"https:\/\/cdnoticias.com\/index.php\/wp-json\/wp\/v2\/posts\/18051\/revisions"}],"wp:featuredmedia":[{"embeddable":true,"href":"https:\/\/cdnoticias.com\/index.php\/wp-json\/wp\/v2\/media\/18052"}],"wp:attachment":[{"href":"https:\/\/cdnoticias.com\/index.php\/wp-json\/wp\/v2\/media?parent=18051"}],"wp:term":[{"taxonomy":"category","embeddable":true,"href":"https:\/\/cdnoticias.com\/index.php\/wp-json\/wp\/v2\/categories?post=18051"},{"taxonomy":"post_tag","embeddable":true,"href":"https:\/\/cdnoticias.com\/index.php\/wp-json\/wp\/v2\/tags?post=18051"}],"curies":[{"name":"wp","href":"https:\/\/api.w.org\/{rel}","templated":true}]}}