{"id":180483,"date":"2025-08-26T18:17:12","date_gmt":"2025-08-26T21:17:12","guid":{"rendered":"https:\/\/cdnoticias.com\/?p=180483"},"modified":"2025-08-26T18:17:14","modified_gmt":"2025-08-26T21:17:14","slug":"axel-kicillof-me-estoy-cargando-la-campana-al-hombro-y-no-soy-candidato","status":"publish","type":"post","link":"https:\/\/cdnoticias.com\/index.php\/2025\/08\/26\/axel-kicillof-me-estoy-cargando-la-campana-al-hombro-y-no-soy-candidato\/","title":{"rendered":"Axel Kicillof: &#8220;Me estoy cargando la campa\u00f1a al hombro y no soy candidato&#8221;"},"content":{"rendered":"\n<p>El gobernador reconoci\u00f3 que estuvo cerca de presentarse como candidato testimonial para las elecciones del 7 de septiembre. Tambi\u00e9n apunt\u00f3 contra Javier Milei y cuestion\u00f3 la pol\u00edtica econ\u00f3mica del Gobierno.<\/p>\n\n\n\n<hr class=\"wp-block-separator aligncenter has-alpha-channel-opacity\"\/>\n\n\n\n<p>En la recta final hacia las elecciones bonaerenses,<strong> el gobernador Axel Kicillof admiti\u00f3 que estuvo dispuesto a ser candidato testimonial, aunque finalmente desisti\u00f3. <\/strong>Sin embargo, asegur\u00f3 que <strong>est\u00e1 <em>\u201cponi\u00e9ndose la campa\u00f1a al hombro\u201d <\/em>para acompa\u00f1ar a los postulantes del peronismo.<\/strong><\/p>\n\n\n\n<blockquote class=\"wp-block-quote is-layout-flow wp-block-quote-is-layout-flow\">\n<p>\u201cMe ofrecieron ser candidato, estuve dispuesto porque s\u00e9 lo que est\u00e1 en juego. Decid\u00ed que no, pero s\u00ed hacer la campa\u00f1a como si lo fuera, porque estamos en un momento muy grave. Si Milei gana, lo que va a hacer es de una gravedad que me complica contarlo\u201d, se\u00f1al\u00f3 en di\u00e1logo con CNN Radio.<\/p>\n<\/blockquote>\n\n\n\n<p>El mandatario bonaerense defendi\u00f3 las candidaturas testimoniales dentro del frente Fuerza Patria, en las que participan varios intendentes.<em><strong> \u201cLa dirigencia pol\u00edtica tiene que poner el cuerpo dentro de lo legal, porque es legal. Valoro a cada intendente y dirigente que entiende que estamos en una situaci\u00f3n de mucho peligro\u201d, <\/strong><\/em>remarc\u00f3.<\/p>\n\n\n\n<p class=\"has-medium-font-size\"><strong><strong>Cruce con Milei por la boleta \u00fanica<\/strong><\/strong><\/p>\n\n\n\n<p><br>Kicillof tambi\u00e9n respondi\u00f3 al presidente Javier Milei, quien hab\u00eda cuestionado la implementaci\u00f3n de la boleta \u00fanica en los comicios del 7 de septiembre.<em> \u201cSi fuera un instrumento del fraude, \u00e9l no ser\u00eda Presidente. En 2023 gan\u00f3 sin fiscales y con la boleta s\u00e1bana de papel\u201d<\/em>, record\u00f3.<\/p>\n\n\n\n<p>Adem\u00e1s, acus\u00f3 al mandatario de formar parte de <em><strong>\u201cuna secta de ultraderecha internacional\u201d<\/strong><\/em> junto a Jair Bolsonaro, a quien compar\u00f3 por sus denuncias de fraude y el intento de toma del Congreso en Brasil.<\/p>\n\n\n\n<p class=\"has-medium-font-size\"><strong>El esc\u00e1ndalo de las coimas<\/strong><\/p>\n\n\n\n<p><br>Por \u00faltimo, <strong>Kicillof se refiri\u00f3 al caso que involucra a la Direcci\u00f3n Nacional de Discapacidad y a Diego Spagnuolo, ex funcionario cercano a Karina Milei y Eduardo \u201cLule\u201d Menem.<\/strong><\/p>\n\n\n\n<p><em>\u201cEs un tema grave como denuncia. Este funcionario era muy de confianza de Milei, de Karina, de Lule. Lo tienen que explicar, no alcanza con negarlo. Se vienen acumulando hechos y denuncias muy escandalosas<\/em>\u201d, sostuvo.<\/p>\n","protected":false},"excerpt":{"rendered":"<p>El gobernador reconoci\u00f3 que estuvo cerca de presentarse como candidato testimonial para las elecciones del 7 de septiembre. Tambi\u00e9n apunt\u00f3<\/p>\n","protected":false},"author":2,"featured_media":179459,"comment_status":"closed","ping_status":"closed","sticky":false,"template":"","format":"standard","meta":{"_jetpack_memberships_contains_paid_content":false,"footnotes":""},"categories":[6,1],"tags":[],"class_list":["post-180483","post","type-post","status-publish","format-standard","has-post-thumbnail","hentry","category-nacionales","category-portada"],"jetpack_featured_media_url":"https:\/\/i0.wp.com\/cdnoticias.com\/wp-content\/uploads\/2025\/08\/kicillof-olavarria4.jpg?fit=800%2C445&ssl=1","jetpack_sharing_enabled":true,"_links":{"self":[{"href":"https:\/\/cdnoticias.com\/index.php\/wp-json\/wp\/v2\/posts\/180483","targetHints":{"allow":["GET"]}}],"collection":[{"href":"https:\/\/cdnoticias.com\/index.php\/wp-json\/wp\/v2\/posts"}],"about":[{"href":"https:\/\/cdnoticias.com\/index.php\/wp-json\/wp\/v2\/types\/post"}],"author":[{"embeddable":true,"href":"https:\/\/cdnoticias.com\/index.php\/wp-json\/wp\/v2\/users\/2"}],"replies":[{"embeddable":true,"href":"https:\/\/cdnoticias.com\/index.php\/wp-json\/wp\/v2\/comments?post=180483"}],"version-history":[{"count":0,"href":"https:\/\/cdnoticias.com\/index.php\/wp-json\/wp\/v2\/posts\/180483\/revisions"}],"wp:featuredmedia":[{"embeddable":true,"href":"https:\/\/cdnoticias.com\/index.php\/wp-json\/wp\/v2\/media\/179459"}],"wp:attachment":[{"href":"https:\/\/cdnoticias.com\/index.php\/wp-json\/wp\/v2\/media?parent=180483"}],"wp:term":[{"taxonomy":"category","embeddable":true,"href":"https:\/\/cdnoticias.com\/index.php\/wp-json\/wp\/v2\/categories?post=180483"},{"taxonomy":"post_tag","embeddable":true,"href":"https:\/\/cdnoticias.com\/index.php\/wp-json\/wp\/v2\/tags?post=180483"}],"curies":[{"name":"wp","href":"https:\/\/api.w.org\/{rel}","templated":true}]}}