{"id":180481,"date":"2025-08-26T17:33:55","date_gmt":"2025-08-26T20:33:55","guid":{"rendered":"https:\/\/cdnoticias.com\/?p=180481"},"modified":"2025-08-26T20:19:45","modified_gmt":"2025-08-26T23:19:45","slug":"el-concejo-deliberante-estudiantil-realizo-un-debate-con-candidatos-en-el-teatro-municipal","status":"publish","type":"post","link":"https:\/\/cdnoticias.com\/index.php\/2025\/08\/26\/el-concejo-deliberante-estudiantil-realizo-un-debate-con-candidatos-en-el-teatro-municipal\/","title":{"rendered":"El Concejo Deliberante Estudiantil realiz\u00f3 un debate con candidatos en el Teatro Municipal"},"content":{"rendered":"\n<p>Hubo presencia de cerca de 800 estudiantes de diferentes escuelas del Partido y la participaci\u00f3n de nueve representantes de las fuerzas pol\u00edticas que participar\u00e1n de las legislativas provinciales del 7 de septiembre.<\/p>\n\n\n\n<hr class=\"wp-block-separator aligncenter has-alpha-channel-opacity\"\/>\n\n\n\n<p>En la ma\u00f1ana de este martes<strong>, el Concejo Deliberante Estudiantil 2025 junto a la Comisi\u00f3n de Educaci\u00f3n del Honorable Concejo Deliberante de Olavarr\u00eda llevaron adelante una jornada de exposici\u00f3n y debate que reuni\u00f3 a los candidatos y candidatas de los nueve espacios pol\u00edticos que competir\u00e1n en las elecciones legislativas locales del pr\u00f3ximo 7 de septiembre.<\/strong><\/p>\n\n\n\n<p>La actividad tuvo lugar en el <strong>Teatro Municipal y congreg\u00f3 a cerca de 800 estudiantes de sexto y s\u00e9ptimo a\u00f1o de diferentes escuelas secundarias del partido<\/strong>, que siguieron de manera activa el intercambio de propuestas. La iniciativa se desarroll\u00f3 en cumplimiento de lo establecido por la Ordenanza 4924\/22, que determina que en a\u00f1os electorales <strong>el Concejo Deliberante Estudiantil debe organizar instancias de debate con quienes se postulan a cargos legislativos y ejecutivos en el \u00e1mbito local.<\/strong><\/p>\n\n\n\n<figure class=\"wp-block-image size-full\"><img data-recalc-dims=\"1\" loading=\"lazy\" decoding=\"async\" width=\"800\" height=\"445\" src=\"https:\/\/i0.wp.com\/cdnoticias.com\/wp-content\/uploads\/2025\/08\/debate-concejo-estudiantil-01.png?resize=800%2C445&#038;ssl=1\" alt=\"\" class=\"wp-image-180463\" srcset=\"https:\/\/i0.wp.com\/cdnoticias.com\/wp-content\/uploads\/2025\/08\/debate-concejo-estudiantil-01.png?w=800&amp;ssl=1 800w, https:\/\/i0.wp.com\/cdnoticias.com\/wp-content\/uploads\/2025\/08\/debate-concejo-estudiantil-01.png?resize=300%2C167&amp;ssl=1 300w, https:\/\/i0.wp.com\/cdnoticias.com\/wp-content\/uploads\/2025\/08\/debate-concejo-estudiantil-01.png?resize=768%2C427&amp;ssl=1 768w\" sizes=\"auto, (max-width: 800px) 100vw, 800px\" \/><\/figure>\n\n\n\n<p>En esta ocasi\u00f3n,<strong> cada agrupaci\u00f3n pol\u00edtica participante present\u00f3 representantes de sus listas oficializadas.<\/strong> Estuvieron presentes Laura Romina Gonz\u00e1lez, segunda candidata a concejal por el Partido Integrar; Daniela Jaramillo, candidata a consejera escolar por el Partido Libertario; Mario Tordelli, primer candidato a concejal por Alianza Uni\u00f3n y Libertad; Leonardo Yunger, primer candidato a concejal por Fuerza Patria; Bel\u00e9n Vergel, primera candidata a concejal por Somos; Agust\u00edn Mestralet, primer candidato a concejal por el Frente de Izquierda y de los Trabajadores; Mar\u00eda Laura Salvador, candidata a consejera escolar del Frente La Libertad Avanza; Sergio Alberto Romero, candidato a concejal por Uni\u00f3n Liberal; y Silvina Echeverr\u00eda, primera candidata a concejal por Potencia.<\/p>\n\n\n\n<p>La presentaci\u00f3n comenz\u00f3 con un sorteo que defini\u00f3 el orden de las intervenciones. <strong>En un primer tramo, el debate gir\u00f3 en torno a la tem\u00e1tica \u201cjuventudes\u201d, mientras que en la segunda parte se abord\u00f3 la cuesti\u00f3n de la \u201cinfraestructura\u201d. Ambos ejes hab\u00edan sido seleccionados previamente en comisi\u00f3n por los concejales estudiantiles.<\/strong><\/p>\n\n\n\n<figure class=\"wp-block-image size-full\"><img data-recalc-dims=\"1\" loading=\"lazy\" decoding=\"async\" width=\"800\" height=\"445\" src=\"https:\/\/i0.wp.com\/cdnoticias.com\/wp-content\/uploads\/2025\/08\/debate-concejo-estudiantil-02.png?resize=800%2C445&#038;ssl=1\" alt=\"\" class=\"wp-image-180462\" srcset=\"https:\/\/i0.wp.com\/cdnoticias.com\/wp-content\/uploads\/2025\/08\/debate-concejo-estudiantil-02.png?w=800&amp;ssl=1 800w, https:\/\/i0.wp.com\/cdnoticias.com\/wp-content\/uploads\/2025\/08\/debate-concejo-estudiantil-02.png?resize=300%2C167&amp;ssl=1 300w, https:\/\/i0.wp.com\/cdnoticias.com\/wp-content\/uploads\/2025\/08\/debate-concejo-estudiantil-02.png?resize=768%2C427&amp;ssl=1 768w\" sizes=\"auto, (max-width: 800px) 100vw, 800px\" \/><\/figure>\n\n\n\n<p>Una vez finalizadas las exposiciones,<strong> los y las estudiantes presentes tuvieron la oportunidad de formular preguntas directas a los candidatos. Adem\u00e1s, se dispuso un buz\u00f3n donde se recibieron inquietudes adicionales, que ser\u00e1n respondidas en los pr\u00f3ximos d\u00edas a trav\u00e9s del correo electr\u00f3nico.<\/strong><\/p>\n\n\n\n<p>La jornada fue transmitida en vivo por el canal de YouTube del Honorable Concejo Deliberante de Olavarr\u00eda, lo que permiti\u00f3 que m\u00e1s personas pudieran seguir la actividad y enviar consultas en tiempo real.<\/p>\n\n\n\n<figure class=\"wp-block-embed is-type-video is-provider-youtube wp-block-embed-youtube wp-embed-aspect-4-3 wp-has-aspect-ratio\"><div class=\"wp-block-embed__wrapper\">\n<iframe loading=\"lazy\" title=\"CHARLA DEBATE DE CANDIDATOS - CDE 2025\" width=\"800\" height=\"600\" src=\"https:\/\/www.youtube.com\/embed\/VbAGLDKS7FY?feature=oembed\" frameborder=\"0\" allow=\"accelerometer; autoplay; clipboard-write; encrypted-media; gyroscope; picture-in-picture; web-share\" referrerpolicy=\"strict-origin-when-cross-origin\" allowfullscreen><\/iframe>\n<\/div><\/figure>\n\n\n\n<p>En el Teatro Municipal acompa\u00f1aron tambi\u00e9n <strong>autoridades municipales, educativas y concejales de los distintos bloques pol\u00edticos, que presenciaron el desarrollo de un encuentro pensado como espacio de formaci\u00f3n ciudadana para las juventudes del distrito.<\/strong><\/p>\n","protected":false},"excerpt":{"rendered":"<p>Hubo presencia de cerca de 800 estudiantes de diferentes escuelas del Partido y la participaci\u00f3n de nueve representantes de las<\/p>\n","protected":false},"author":2,"featured_media":180461,"comment_status":"closed","ping_status":"closed","sticky":false,"template":"","format":"standard","meta":{"_jetpack_memberships_contains_paid_content":false,"footnotes":""},"categories":[4,1],"tags":[],"class_list":["post-180481","post","type-post","status-publish","format-standard","has-post-thumbnail","hentry","category-politica","category-portada"],"jetpack_featured_media_url":"https:\/\/i0.wp.com\/cdnoticias.com\/wp-content\/uploads\/2025\/08\/debate-concejo-estudiantil-03.png?fit=800%2C445&ssl=1","jetpack_sharing_enabled":true,"_links":{"self":[{"href":"https:\/\/cdnoticias.com\/index.php\/wp-json\/wp\/v2\/posts\/180481","targetHints":{"allow":["GET"]}}],"collection":[{"href":"https:\/\/cdnoticias.com\/index.php\/wp-json\/wp\/v2\/posts"}],"about":[{"href":"https:\/\/cdnoticias.com\/index.php\/wp-json\/wp\/v2\/types\/post"}],"author":[{"embeddable":true,"href":"https:\/\/cdnoticias.com\/index.php\/wp-json\/wp\/v2\/users\/2"}],"replies":[{"embeddable":true,"href":"https:\/\/cdnoticias.com\/index.php\/wp-json\/wp\/v2\/comments?post=180481"}],"version-history":[{"count":0,"href":"https:\/\/cdnoticias.com\/index.php\/wp-json\/wp\/v2\/posts\/180481\/revisions"}],"wp:featuredmedia":[{"embeddable":true,"href":"https:\/\/cdnoticias.com\/index.php\/wp-json\/wp\/v2\/media\/180461"}],"wp:attachment":[{"href":"https:\/\/cdnoticias.com\/index.php\/wp-json\/wp\/v2\/media?parent=180481"}],"wp:term":[{"taxonomy":"category","embeddable":true,"href":"https:\/\/cdnoticias.com\/index.php\/wp-json\/wp\/v2\/categories?post=180481"},{"taxonomy":"post_tag","embeddable":true,"href":"https:\/\/cdnoticias.com\/index.php\/wp-json\/wp\/v2\/tags?post=180481"}],"curies":[{"name":"wp","href":"https:\/\/api.w.org\/{rel}","templated":true}]}}