{"id":180473,"date":"2025-08-26T17:48:27","date_gmt":"2025-08-26T20:48:27","guid":{"rendered":"https:\/\/cdnoticias.com\/?p=180473"},"modified":"2025-08-26T17:48:29","modified_gmt":"2025-08-26T20:48:29","slug":"sancion-en-pinamar-a-una-empresa-de-transporte-de-pasajeros-de-olavarria","status":"publish","type":"post","link":"https:\/\/cdnoticias.com\/index.php\/2025\/08\/26\/sancion-en-pinamar-a-una-empresa-de-transporte-de-pasajeros-de-olavarria\/","title":{"rendered":"Sanci\u00f3n en Pinamar a una empresa de transporte de pasajeros de Olavarr\u00eda"},"content":{"rendered":"<p>La Subsecretar\u00eda de Transporte de la provincia dio a conocer la sanci\u00f3n. Se estableci\u00f3 que realiz\u00f3 \u201cun servicio intercomunal sin autorizaci\u00f3n\u201d. La infracci\u00f3n se labr\u00f3 en julio de 2024.<!--more--><\/p>\n<hr \/>\n<p>Una <strong>empresa de Olavarr\u00eda<\/strong> fue sancionada por la <strong>Subsecretar\u00eda de Transporte <\/strong>de la provincia de Buenos Aires.<\/p>\n<p>Se dio a conocer a trav\u00e9s del Bolet\u00edn Oficial la decisi\u00f3n del organismo bonaerense de aplicar <strong>una sanci\u00f3n contra la empresa Nuevo Bus de Olavarr\u00eda<\/strong> por haberse detectado que <strong>realiz\u00f3 \u201cun servicio intercomunal sin autorizaci\u00f3n\u201d<\/strong>.<\/p>\n<blockquote><p>Se configur\u00f3 como una infracci\u00f3n a lo establecido al \u201cart\u00edculo 250 del Decreto N\u00b06864\/58, reglamentario del Decreto-Ley N\u00b0 16.378\/57 y sus modificatorias \u00b4Por afectar a los servicios veh\u00edculos no habilitados\u00b4, con respecto al Acta de comprobaci\u00f3n 4685\u201d.<\/p><\/blockquote>\n<p>Seg\u00fan se detall\u00f3, tal infracci\u00f3n fue labrada en un <strong>operativo de control<\/strong> sobre veh\u00edculos de transporte de pasajeros el <strong>distrito de Pinamar<\/strong>, puntualmente en avenida Arquitecto J. Bunge y Ruta Provincial N\u00b011, el d\u00eda <strong>20 de julio de 2024<\/strong>.<\/p>\n<p>La publicaci\u00f3n de la sanci\u00f3n, que t\u00e9cnicamente es la <strong>notificaci\u00f3n a la empresa de la decisi\u00f3n de la Subsecretar\u00eda de Transporte<\/strong>, lleva la firma del <em>director Guillermo Varvasino<\/em>. All\u00ed se detall\u00f3 el veh\u00edculo infraccionado y se indic\u00f3 que <strong>transportaba 35 pasajeros.<\/strong><\/p>\n<p>En la notificaci\u00f3n se otorg\u00f3<em> un plazo para que la empresa ejerza su defensa.<\/em><\/p>\n","protected":false},"excerpt":{"rendered":"<p>La Subsecretar\u00eda de Transporte de la provincia dio a conocer la sanci\u00f3n. Se estableci\u00f3 que realiz\u00f3 \u201cun servicio intercomunal sin<\/p>\n","protected":false},"author":4,"featured_media":180474,"comment_status":"closed","ping_status":"closed","sticky":false,"template":"","format":"standard","meta":{"_jetpack_memberships_contains_paid_content":false,"footnotes":""},"categories":[5],"tags":[],"class_list":["post-180473","post","type-post","status-publish","format-standard","has-post-thumbnail","hentry","category-informacion-general"],"jetpack_featured_media_url":"https:\/\/i0.wp.com\/cdnoticias.com\/wp-content\/uploads\/2025\/08\/transporte-de-pasajeros.jpg?fit=800%2C445&ssl=1","jetpack_sharing_enabled":true,"_links":{"self":[{"href":"https:\/\/cdnoticias.com\/index.php\/wp-json\/wp\/v2\/posts\/180473","targetHints":{"allow":["GET"]}}],"collection":[{"href":"https:\/\/cdnoticias.com\/index.php\/wp-json\/wp\/v2\/posts"}],"about":[{"href":"https:\/\/cdnoticias.com\/index.php\/wp-json\/wp\/v2\/types\/post"}],"author":[{"embeddable":true,"href":"https:\/\/cdnoticias.com\/index.php\/wp-json\/wp\/v2\/users\/4"}],"replies":[{"embeddable":true,"href":"https:\/\/cdnoticias.com\/index.php\/wp-json\/wp\/v2\/comments?post=180473"}],"version-history":[{"count":0,"href":"https:\/\/cdnoticias.com\/index.php\/wp-json\/wp\/v2\/posts\/180473\/revisions"}],"wp:featuredmedia":[{"embeddable":true,"href":"https:\/\/cdnoticias.com\/index.php\/wp-json\/wp\/v2\/media\/180474"}],"wp:attachment":[{"href":"https:\/\/cdnoticias.com\/index.php\/wp-json\/wp\/v2\/media?parent=180473"}],"wp:term":[{"taxonomy":"category","embeddable":true,"href":"https:\/\/cdnoticias.com\/index.php\/wp-json\/wp\/v2\/categories?post=180473"},{"taxonomy":"post_tag","embeddable":true,"href":"https:\/\/cdnoticias.com\/index.php\/wp-json\/wp\/v2\/tags?post=180473"}],"curies":[{"name":"wp","href":"https:\/\/api.w.org\/{rel}","templated":true}]}}