{"id":180467,"date":"2025-08-26T17:04:01","date_gmt":"2025-08-26T20:04:01","guid":{"rendered":"https:\/\/cdnoticias.com\/?p=180467"},"modified":"2025-08-26T20:19:38","modified_gmt":"2025-08-26T23:19:38","slug":"barrio-por-barrio-turno-de-los-robles-san-vicente-sur-y-la-arana","status":"publish","type":"post","link":"https:\/\/cdnoticias.com\/index.php\/2025\/08\/26\/barrio-por-barrio-turno-de-los-robles-san-vicente-sur-y-la-arana\/","title":{"rendered":"Barrio por Barrio: Turno de Los Robles, San Vicente Sur y La Ara\u00f1a"},"content":{"rendered":"<p>Ser\u00e1 este mi\u00e9rcoles, y tendr\u00e1 como punto de encuentro la plaza del barrio Los Robles, en Esquivel y Vicente L\u00f3pez, a partir de las 9:30 horas.<!--more--><\/p>\n<hr \/>\n<p>El Municipio de Olavarr\u00eda inform\u00f3 que <strong>el programa \u201cBarrio por Barrio\u201d<\/strong> contin\u00faa acercando <strong>servicios y tr\u00e1mites<\/strong> del Municipio a distintos puntos del Partido de Olavarr\u00eda.<\/p>\n<blockquote><p>En ese marco, una nueva jornada se desarrollar\u00e1 este mi\u00e9rcoles y tendr\u00e1 como objetivo los barrios San Vicente Sur, Los Robles y La Ara\u00f1a.<\/p><\/blockquote>\n<p>Ser\u00e1<strong> a partir de las 9:30 horas<\/strong>, y tendr\u00e1 como punto de encuentro la <strong>plaza del barrio Los Robles<\/strong>, ubicada sobre <strong>P\u00e9rez Esquivel y Vicente L\u00f3pez<\/strong>, donde se dispondr\u00e1n distintos <strong>stands de \u00e1reas municipales<\/strong>.<\/p>\n<p>Personas interesadas podr\u00e1n acercarse a ese lugar a recibir <strong>prestaciones, asesoramiento y efectuar distintos tr\u00e1mites:<\/strong><\/p>\n<ul>\n<li>Asesoramiento m\u00e9dico y puesto de vacunaci\u00f3n.<\/li>\n<li>Reimpresi\u00f3n de boletas de Tasas Municipales.<\/li>\n<li>Vacunaci\u00f3n de caninos y felinos.<\/li>\n<li>Validaci\u00f3n identidad Mi Argentina.<\/li>\n<li>Asesoramiento e inscripci\u00f3n a los programas M\u00e1s Vida y PAAC (personas con celiaqu\u00eda).<\/li>\n<li>Inscripci\u00f3n a Maternales, Centros de D\u00eda, Envi\u00f3n y Callejeadas.<\/li>\n<li>Atenci\u00f3n de las oficinas: Defensa del Consumidor, Relaciones Vecinales, Casa de Tierra y Regularizaci\u00f3n Dominial, Desarrollo Social, Mujeres, G\u00e9neros y Diversidades, Ingresos P\u00fablicos y Oficina de Empleo.<\/li>\n<\/ul>\n<p>Con el objetivo de brindar una respuesta integral, se realizar\u00e1n <strong>tareas de mantenimiento y limpieza de espacios p\u00fablicos<\/strong>, trabajando de manera simult\u00e1nea y complementaria con<strong> personal de empresas que brindan servicios para el Municipio<\/strong>, como lo son<em> Coopelectric y Transportes Malvinas<\/em>.<\/p>\n<p>A su vez, <strong>un dispositivo puerta a puerta recorrer\u00e1 la zona<\/strong> con el objetivo de dialogar con vecinos y vecinas que dieron a conocer sus principales inquietudes y necesidades, las cuales ser\u00e1n derivadas a las correspondientes \u00e1reas municipales.<\/p>\n<p><strong>\u201cBarrio por Barrio\u201d plantea un abordaje integral<\/strong> para lo cual se dispone de la participaci\u00f3n del Intendente y funcionarios del gabinete, junto con personal de las distintas \u00e1reas de gesti\u00f3n municipal: Salud, Educaci\u00f3n, Protecci\u00f3n Ciudadana, Obras P\u00fablicas, Desarrollo de la Comunidad, Defensa al Consumidor, Asuntos Legales, entre otras \u00e1reas.<\/p>\n","protected":false},"excerpt":{"rendered":"<p>Ser\u00e1 este mi\u00e9rcoles, y tendr\u00e1 como punto de encuentro la plaza del barrio Los Robles, en Esquivel y Vicente L\u00f3pez,<\/p>\n","protected":false},"author":4,"featured_media":177558,"comment_status":"closed","ping_status":"closed","sticky":false,"template":"","format":"standard","meta":{"_jetpack_memberships_contains_paid_content":false,"footnotes":""},"categories":[5,1],"tags":[],"class_list":["post-180467","post","type-post","status-publish","format-standard","has-post-thumbnail","hentry","category-informacion-general","category-portada"],"jetpack_featured_media_url":"https:\/\/i0.wp.com\/cdnoticias.com\/wp-content\/uploads\/2025\/07\/Barrio-x-Barrio-Evita-Bancario-3-3-scaled-1.jpg?fit=2560%2C1703&ssl=1","jetpack_sharing_enabled":true,"_links":{"self":[{"href":"https:\/\/cdnoticias.com\/index.php\/wp-json\/wp\/v2\/posts\/180467","targetHints":{"allow":["GET"]}}],"collection":[{"href":"https:\/\/cdnoticias.com\/index.php\/wp-json\/wp\/v2\/posts"}],"about":[{"href":"https:\/\/cdnoticias.com\/index.php\/wp-json\/wp\/v2\/types\/post"}],"author":[{"embeddable":true,"href":"https:\/\/cdnoticias.com\/index.php\/wp-json\/wp\/v2\/users\/4"}],"replies":[{"embeddable":true,"href":"https:\/\/cdnoticias.com\/index.php\/wp-json\/wp\/v2\/comments?post=180467"}],"version-history":[{"count":0,"href":"https:\/\/cdnoticias.com\/index.php\/wp-json\/wp\/v2\/posts\/180467\/revisions"}],"wp:featuredmedia":[{"embeddable":true,"href":"https:\/\/cdnoticias.com\/index.php\/wp-json\/wp\/v2\/media\/177558"}],"wp:attachment":[{"href":"https:\/\/cdnoticias.com\/index.php\/wp-json\/wp\/v2\/media?parent=180467"}],"wp:term":[{"taxonomy":"category","embeddable":true,"href":"https:\/\/cdnoticias.com\/index.php\/wp-json\/wp\/v2\/categories?post=180467"},{"taxonomy":"post_tag","embeddable":true,"href":"https:\/\/cdnoticias.com\/index.php\/wp-json\/wp\/v2\/tags?post=180467"}],"curies":[{"name":"wp","href":"https:\/\/api.w.org\/{rel}","templated":true}]}}