{"id":180458,"date":"2025-09-06T16:01:33","date_gmt":"2025-09-06T19:01:33","guid":{"rendered":"https:\/\/cdnoticias.com\/?p=180458"},"modified":"2025-09-06T20:31:57","modified_gmt":"2025-09-06T23:31:57","slug":"el-domingo-14-de-septiembre-recalde-festejara-sus-114-anos","status":"publish","type":"post","link":"https:\/\/cdnoticias.com\/index.php\/2025\/09\/06\/el-domingo-14-de-septiembre-recalde-festejara-sus-114-anos\/","title":{"rendered":"El domingo 14 de septiembre Recalde festejar\u00e1 sus 114 a\u00f1os"},"content":{"rendered":"<p>El programa se iniciar\u00e1 con un acto protocolar, desfile de instituciones y al mediod\u00eda se realizar\u00e1 el tradicional almuerzo, con la actuaci\u00f3n de distintas agrupaciones por la tarde. Habr\u00e1 reconocimientos para vecinos y vecinas de la localidad.<!--more--><\/p>\n<hr \/>\n<p>El <strong>domingo 14 de septiembre<\/strong> se llevar\u00e1n a cabo los<strong> festejos en el marco del 114\u00ba aniversario de Recalde<\/strong>, con una<strong> gran fiesta comunitaria<\/strong>, organizada por las diferentes instituciones de la localidad junto al Municipio.<\/p>\n<p><strong>El cronograma se iniciar\u00e1 a las 12 horas<\/strong> con el acto protocolar en la <strong>Plaza Dami\u00e1n Recalde<\/strong>, la recepci\u00f3n de autoridades y el <strong>tradicional desfile<\/strong>, del que participar\u00e1n el Jard\u00edn de Infantes N\u00ba 910. \u201cRosario Vera Pe\u00f1aloza\u201d, la Escuela Primaria N\u00b010 \u201cMart\u00edn Miguel de G\u00fcemes\u201d, Escuela Secundaria N\u00b019 \u201cVeteranas de Malvinas\u201d, Veteranos de Malvinas, Asociaci\u00f3n Civil El Cauqu\u00e9n, Asociaci\u00f3n Civil Recalde Amanece.<\/p>\n<p>A las <strong>12:30 horas<\/strong> se realizar\u00e1 el <strong>almuerzo<\/strong> en la carpa que se instalar\u00e1 en el <strong>play\u00f3n del Club Atl\u00e9tico y Social de Recalde<\/strong>, con stands gastron\u00f3micos, y habr\u00e1 reconocimientos para distintos vecinos y vecinas de la localidad, por su participaci\u00f3n, colaboraci\u00f3n y aporte con la comunidad.<\/p>\n<p>La <strong>grilla art\u00edstica<\/strong> iniciar\u00e1 a las<strong> 13:30 horas<\/strong> con la <strong>actuaci\u00f3n del grupo La Diferente y diferentes pe\u00f1as<\/strong> (El Cauqu\u00e9n, Espigas Baila Folklore, Recalde Amanece) y posteriormente se proceder\u00e1 al <strong>corte de torta aniversario<\/strong>.\u00a0Luego continuar\u00e1n los shows con Mart\u00edn Barraza, Juan Echegoyen, Los Kumbieros, y el cierre ser\u00e1 a puro baile con La Diferente.<\/p>\n<p><strong>Recalde se fund\u00f3 el 6 de septiembre de 1911<\/strong>. Est\u00e1 situada 100 km del partido de Olavarr\u00eda y a 60 km de Bol\u00edvar. Debe su nombre a Dami\u00e1n Recalde, quien fuera propietario de extensas tierras en la zona, as\u00ed como los terrenos donde fue emplazada la estaci\u00f3n ferroviaria, origen del poblado. La apertura de la estaci\u00f3n ferroviaria y sus cuatro ramales impuls\u00f3 la creaci\u00f3n de la comunidad, y treinta a\u00f1os m\u00e1s tarde, funcionaban en el lugar comercios de diversos rubros, la Escuela N\u00b0 10 y el Club Social Recalde.<\/p>\n<p>Se representaban prolijas manzanas y tres plazas, las que existen en su totalidad. Este modelo ha sido conservado en la planta actual de la localidad, en el que las construcciones se encuentran muy dispersas, separadas por grandes espacios.<\/p>\n<p>Desde el Municipio se invita a toda la comunidad a participar de los festejos de la localidad, que nac\u00eda hace m\u00e1s un siglo, a partir de un peque\u00f1o grupo de visionarios que se uni\u00f3 para establecer los cimientos de lo que hoy es una pr\u00f3spera comunidad.<\/p>\n","protected":false},"excerpt":{"rendered":"<p>El programa se iniciar\u00e1 con un acto protocolar, desfile de instituciones y al mediod\u00eda se realizar\u00e1 el tradicional almuerzo, con<\/p>\n","protected":false},"author":4,"featured_media":3756,"comment_status":"closed","ping_status":"closed","sticky":false,"template":"","format":"standard","meta":{"_jetpack_memberships_contains_paid_content":false,"footnotes":""},"categories":[9,5,1],"tags":[],"class_list":["post-180458","post","type-post","status-publish","format-standard","has-post-thumbnail","hentry","category-cultura","category-informacion-general","category-portada"],"jetpack_featured_media_url":"https:\/\/i0.wp.com\/cdnoticias.com\/wp-content\/uploads\/2020\/10\/recalde.jpeg?fit=1024%2C768&ssl=1","jetpack_sharing_enabled":true,"_links":{"self":[{"href":"https:\/\/cdnoticias.com\/index.php\/wp-json\/wp\/v2\/posts\/180458","targetHints":{"allow":["GET"]}}],"collection":[{"href":"https:\/\/cdnoticias.com\/index.php\/wp-json\/wp\/v2\/posts"}],"about":[{"href":"https:\/\/cdnoticias.com\/index.php\/wp-json\/wp\/v2\/types\/post"}],"author":[{"embeddable":true,"href":"https:\/\/cdnoticias.com\/index.php\/wp-json\/wp\/v2\/users\/4"}],"replies":[{"embeddable":true,"href":"https:\/\/cdnoticias.com\/index.php\/wp-json\/wp\/v2\/comments?post=180458"}],"version-history":[{"count":0,"href":"https:\/\/cdnoticias.com\/index.php\/wp-json\/wp\/v2\/posts\/180458\/revisions"}],"wp:featuredmedia":[{"embeddable":true,"href":"https:\/\/cdnoticias.com\/index.php\/wp-json\/wp\/v2\/media\/3756"}],"wp:attachment":[{"href":"https:\/\/cdnoticias.com\/index.php\/wp-json\/wp\/v2\/media?parent=180458"}],"wp:term":[{"taxonomy":"category","embeddable":true,"href":"https:\/\/cdnoticias.com\/index.php\/wp-json\/wp\/v2\/categories?post=180458"},{"taxonomy":"post_tag","embeddable":true,"href":"https:\/\/cdnoticias.com\/index.php\/wp-json\/wp\/v2\/tags?post=180458"}],"curies":[{"name":"wp","href":"https:\/\/api.w.org\/{rel}","templated":true}]}}