{"id":180440,"date":"2025-08-25T20:29:51","date_gmt":"2025-08-25T23:29:51","guid":{"rendered":"https:\/\/cdnoticias.com\/?p=180440"},"modified":"2025-08-25T20:29:53","modified_gmt":"2025-08-25T23:29:53","slug":"el-cef-n124-y-pueblo-nuevo-celebraron-el-dia-de-la-ninez-con-la-participacion-de-500-chicos","status":"publish","type":"post","link":"https:\/\/cdnoticias.com\/index.php\/2025\/08\/25\/el-cef-n124-y-pueblo-nuevo-celebraron-el-dia-de-la-ninez-con-la-participacion-de-500-chicos\/","title":{"rendered":"El CEF N\u00b0124 y Pueblo Nuevo celebraron el D\u00eda de la Ni\u00f1ez con la participaci\u00f3n de 500 chicos"},"content":{"rendered":"\n<p>La jornada incluy\u00f3 juegos, deportes, bailes, sorteos e inflables. Hubo merienda compartida con familias y un fuerte acompa\u00f1amiento de la comunidad e instituciones locales.<\/p>\n\n\n\n<hr class=\"wp-block-separator aligncenter has-alpha-channel-opacity\"\/>\n\n\n\n<p>El <strong>Centro de Educaci\u00f3n F\u00edsica (CEF) N\u00b0124, junto al Club Atl\u00e9tico Pueblo Nuevo, organiz\u00f3 una gran celebraci\u00f3n por el D\u00eda de la Ni\u00f1ez<\/strong> en las instalaciones del club. Del encuentro participaron alrededor de 500 chicos y chicas, acompa\u00f1ados por sus familias.<\/p>\n\n\n\n<p>La propuesta incluy\u00f3<strong> juegos tradicionales, inflables, deportes, bailes y sorteos. Adem\u00e1s, se comparti\u00f3 una merienda con facturas, golosinas y distintas preparaciones especialmente pensadas para los ni\u00f1os.<\/strong><\/p>\n\n\n\n<p>El festejo fue posible gracias al <strong>trabajo de profesores, personal auxiliar, equipos directivos y la Asociaci\u00f3n Cooperadora del CEF N\u00b0124, junto al acompa\u00f1amiento de la Municipalidad de Olavarr\u00eda.<\/strong><\/p>\n\n\n\n<p>Desde ambas instituciones destacaron la masiva participaci\u00f3n y el clima de alegr\u00eda y uni\u00f3n vivido durante la jornada, reafirmando su compromiso con la ni\u00f1ez y la familia.<\/p>\n","protected":false},"excerpt":{"rendered":"<p>La jornada incluy\u00f3 juegos, deportes, bailes, sorteos e inflables. Hubo merienda compartida con familias y un fuerte acompa\u00f1amiento de la<\/p>\n","protected":false},"author":2,"featured_media":180441,"comment_status":"closed","ping_status":"closed","sticky":false,"template":"","format":"standard","meta":{"_jetpack_memberships_contains_paid_content":false,"footnotes":""},"categories":[29,1],"tags":[],"class_list":["post-180440","post","type-post","status-publish","format-standard","has-post-thumbnail","hentry","category-deportes","category-portada"],"jetpack_featured_media_url":"https:\/\/i0.wp.com\/cdnoticias.com\/wp-content\/uploads\/2025\/08\/pueblo-nuevo-festejo.jpg?fit=1600%2C1200&ssl=1","jetpack_sharing_enabled":true,"_links":{"self":[{"href":"https:\/\/cdnoticias.com\/index.php\/wp-json\/wp\/v2\/posts\/180440","targetHints":{"allow":["GET"]}}],"collection":[{"href":"https:\/\/cdnoticias.com\/index.php\/wp-json\/wp\/v2\/posts"}],"about":[{"href":"https:\/\/cdnoticias.com\/index.php\/wp-json\/wp\/v2\/types\/post"}],"author":[{"embeddable":true,"href":"https:\/\/cdnoticias.com\/index.php\/wp-json\/wp\/v2\/users\/2"}],"replies":[{"embeddable":true,"href":"https:\/\/cdnoticias.com\/index.php\/wp-json\/wp\/v2\/comments?post=180440"}],"version-history":[{"count":0,"href":"https:\/\/cdnoticias.com\/index.php\/wp-json\/wp\/v2\/posts\/180440\/revisions"}],"wp:featuredmedia":[{"embeddable":true,"href":"https:\/\/cdnoticias.com\/index.php\/wp-json\/wp\/v2\/media\/180441"}],"wp:attachment":[{"href":"https:\/\/cdnoticias.com\/index.php\/wp-json\/wp\/v2\/media?parent=180440"}],"wp:term":[{"taxonomy":"category","embeddable":true,"href":"https:\/\/cdnoticias.com\/index.php\/wp-json\/wp\/v2\/categories?post=180440"},{"taxonomy":"post_tag","embeddable":true,"href":"https:\/\/cdnoticias.com\/index.php\/wp-json\/wp\/v2\/tags?post=180440"}],"curies":[{"name":"wp","href":"https:\/\/api.w.org\/{rel}","templated":true}]}}