{"id":180428,"date":"2025-08-25T19:21:25","date_gmt":"2025-08-25T22:21:25","guid":{"rendered":"https:\/\/cdnoticias.com\/?p=180428"},"modified":"2025-08-26T10:12:20","modified_gmt":"2025-08-26T13:12:20","slug":"un-adolescente-resulto-con-golpes-tras-ser-golpeado-por-un-auto","status":"publish","type":"post","link":"https:\/\/cdnoticias.com\/index.php\/2025\/08\/25\/un-adolescente-resulto-con-golpes-tras-ser-golpeado-por-un-auto\/","title":{"rendered":"Un adolescente result\u00f3 con lesiones tras ser golpeado por un auto"},"content":{"rendered":"\n<p>Circulaba en bicicleta por Del Valle y Alsina y choc\u00f3 con un auto. Fue trasladado al Hospital.<\/p>\n\n\n\n<hr class=\"wp-block-separator aligncenter has-alpha-channel-opacity\"\/>\n\n\n\n<p>Este lunes pasadas las 18:00 horas,<strong> un adolescente result\u00f3 con algunos golpes tras ser impactado, mientras iba en su bicicleta, por un autom\u00f3vil. Debi\u00f3 ser trasladado al Hospital Municipal.<\/strong><\/p>\n\n\n\n<p>El hecho se produjo en el <strong>cruce de Del Valle y Alsina, por causas que se intentan esclarecer<\/strong>. Lo concreto es que el auto, <strong>un Ford Fiesta Max, impact\u00f3 al ciclista<\/strong>.<\/p>\n\n\n\n<figure class=\"wp-block-image size-large\"><img data-recalc-dims=\"1\" loading=\"lazy\" decoding=\"async\" width=\"800\" height=\"432\" src=\"https:\/\/i0.wp.com\/cdnoticias.com\/wp-content\/uploads\/2025\/08\/WhatsApp-Image-2025-08-25-at-18.59.57-1.jpeg?resize=800%2C432&#038;ssl=1\" alt=\"\" class=\"wp-image-180429\" srcset=\"https:\/\/i0.wp.com\/cdnoticias.com\/wp-content\/uploads\/2025\/08\/WhatsApp-Image-2025-08-25-at-18.59.57-1-scaled.jpeg?resize=1024%2C553&amp;ssl=1 1024w, https:\/\/i0.wp.com\/cdnoticias.com\/wp-content\/uploads\/2025\/08\/WhatsApp-Image-2025-08-25-at-18.59.57-1-scaled.jpeg?resize=300%2C162&amp;ssl=1 300w, https:\/\/i0.wp.com\/cdnoticias.com\/wp-content\/uploads\/2025\/08\/WhatsApp-Image-2025-08-25-at-18.59.57-1-scaled.jpeg?resize=768%2C415&amp;ssl=1 768w, https:\/\/i0.wp.com\/cdnoticias.com\/wp-content\/uploads\/2025\/08\/WhatsApp-Image-2025-08-25-at-18.59.57-1-scaled.jpeg?resize=1536%2C829&amp;ssl=1 1536w, https:\/\/i0.wp.com\/cdnoticias.com\/wp-content\/uploads\/2025\/08\/WhatsApp-Image-2025-08-25-at-18.59.57-1-scaled.jpeg?resize=2048%2C1105&amp;ssl=1 2048w, https:\/\/i0.wp.com\/cdnoticias.com\/wp-content\/uploads\/2025\/08\/WhatsApp-Image-2025-08-25-at-18.59.57-1-scaled.jpeg?w=1600&amp;ssl=1 1600w, https:\/\/i0.wp.com\/cdnoticias.com\/wp-content\/uploads\/2025\/08\/WhatsApp-Image-2025-08-25-at-18.59.57-1-scaled.jpeg?w=2400&amp;ssl=1 2400w\" sizes=\"auto, (max-width: 800px) 100vw, 800px\" \/><\/figure>\n\n\n\n<p>Si bien el adolescente se pudo reincorporar por sus propios medios,<strong> fue trasladado para una revisaci\u00f3n al Hospital Municipal en una ambulancia del sistema de Salud p\u00fablico municipal.<\/strong><\/p>\n\n\n\n<figure class=\"wp-block-image size-large\"><img data-recalc-dims=\"1\" loading=\"lazy\" decoding=\"async\" width=\"800\" height=\"402\" src=\"https:\/\/i0.wp.com\/cdnoticias.com\/wp-content\/uploads\/2025\/08\/WhatsApp-Image-2025-08-25-at-18.59.57-3.jpeg?resize=800%2C402&#038;ssl=1\" alt=\"\" class=\"wp-image-180431\" srcset=\"https:\/\/i0.wp.com\/cdnoticias.com\/wp-content\/uploads\/2025\/08\/WhatsApp-Image-2025-08-25-at-18.59.57-3-scaled.jpeg?resize=1024%2C514&amp;ssl=1 1024w, https:\/\/i0.wp.com\/cdnoticias.com\/wp-content\/uploads\/2025\/08\/WhatsApp-Image-2025-08-25-at-18.59.57-3-scaled.jpeg?resize=300%2C150&amp;ssl=1 300w, https:\/\/i0.wp.com\/cdnoticias.com\/wp-content\/uploads\/2025\/08\/WhatsApp-Image-2025-08-25-at-18.59.57-3-scaled.jpeg?resize=768%2C385&amp;ssl=1 768w, https:\/\/i0.wp.com\/cdnoticias.com\/wp-content\/uploads\/2025\/08\/WhatsApp-Image-2025-08-25-at-18.59.57-3-scaled.jpeg?resize=1536%2C771&amp;ssl=1 1536w, https:\/\/i0.wp.com\/cdnoticias.com\/wp-content\/uploads\/2025\/08\/WhatsApp-Image-2025-08-25-at-18.59.57-3-scaled.jpeg?resize=2048%2C1027&amp;ssl=1 2048w, https:\/\/i0.wp.com\/cdnoticias.com\/wp-content\/uploads\/2025\/08\/WhatsApp-Image-2025-08-25-at-18.59.57-3-scaled.jpeg?w=1600&amp;ssl=1 1600w, https:\/\/i0.wp.com\/cdnoticias.com\/wp-content\/uploads\/2025\/08\/WhatsApp-Image-2025-08-25-at-18.59.57-3-scaled.jpeg?w=2400&amp;ssl=1 2400w\" sizes=\"auto, (max-width: 800px) 100vw, 800px\" \/><\/figure>\n\n\n\n<p>Por el hecho, <strong>se interrumpi\u00f3 el tr\u00e1nsito en Alsina por lo que para ingresar a barrio San Vicente se debe continuar hacia calle Rivadavia o alguna de sus paralelas. Intervino el Comando de Patrullas en el lugar.<\/strong><\/p>\n","protected":false},"excerpt":{"rendered":"<p>Circulaba en bicicleta por Del Valle y Alsina y choc\u00f3 con un auto. Fue trasladado al Hospital. Este lunes pasadas<\/p>\n","protected":false},"author":2,"featured_media":180430,"comment_status":"closed","ping_status":"closed","sticky":false,"template":"","format":"standard","meta":{"_jetpack_memberships_contains_paid_content":false,"footnotes":""},"categories":[14,1],"tags":[],"class_list":["post-180428","post","type-post","status-publish","format-standard","has-post-thumbnail","hentry","category-policiales","category-portada"],"jetpack_featured_media_url":"https:\/\/i0.wp.com\/cdnoticias.com\/wp-content\/uploads\/2025\/08\/WhatsApp-Image-2025-08-25-at-18.59.57-scaled.jpeg?fit=2560%2C1419&ssl=1","jetpack_sharing_enabled":true,"_links":{"self":[{"href":"https:\/\/cdnoticias.com\/index.php\/wp-json\/wp\/v2\/posts\/180428","targetHints":{"allow":["GET"]}}],"collection":[{"href":"https:\/\/cdnoticias.com\/index.php\/wp-json\/wp\/v2\/posts"}],"about":[{"href":"https:\/\/cdnoticias.com\/index.php\/wp-json\/wp\/v2\/types\/post"}],"author":[{"embeddable":true,"href":"https:\/\/cdnoticias.com\/index.php\/wp-json\/wp\/v2\/users\/2"}],"replies":[{"embeddable":true,"href":"https:\/\/cdnoticias.com\/index.php\/wp-json\/wp\/v2\/comments?post=180428"}],"version-history":[{"count":0,"href":"https:\/\/cdnoticias.com\/index.php\/wp-json\/wp\/v2\/posts\/180428\/revisions"}],"wp:featuredmedia":[{"embeddable":true,"href":"https:\/\/cdnoticias.com\/index.php\/wp-json\/wp\/v2\/media\/180430"}],"wp:attachment":[{"href":"https:\/\/cdnoticias.com\/index.php\/wp-json\/wp\/v2\/media?parent=180428"}],"wp:term":[{"taxonomy":"category","embeddable":true,"href":"https:\/\/cdnoticias.com\/index.php\/wp-json\/wp\/v2\/categories?post=180428"},{"taxonomy":"post_tag","embeddable":true,"href":"https:\/\/cdnoticias.com\/index.php\/wp-json\/wp\/v2\/tags?post=180428"}],"curies":[{"name":"wp","href":"https:\/\/api.w.org\/{rel}","templated":true}]}}