{"id":180405,"date":"2025-08-25T16:19:58","date_gmt":"2025-08-25T19:19:58","guid":{"rendered":"https:\/\/cdnoticias.com\/?p=180405"},"modified":"2025-08-25T16:19:59","modified_gmt":"2025-08-25T19:19:59","slug":"la-provincia-apura-el-presupuesto-para-presentarlo-antes-de-fin-de-mes","status":"publish","type":"post","link":"https:\/\/cdnoticias.com\/index.php\/2025\/08\/25\/la-provincia-apura-el-presupuesto-para-presentarlo-antes-de-fin-de-mes\/","title":{"rendered":"La Provincia apura el Presupuesto para presentarlo antes de fin de mes"},"content":{"rendered":"<p>\u201cSe van a entregar en tiempo y forma\u201d, dijo el ministro Carlos Bianco sobre la ley de leyes y el endeudamiento que se solicitar\u00e1 para el 2026.<!--more--><\/p>\n<hr \/>\n<p>En medio de la disputa con la administraci\u00f3n de Javier Milei por los <a href=\"https:\/\/cdnoticias.com\/index.php\/2025\/08\/05\/provincia-vuelve-a-la-corte-para-reclamar-la-deuda-de-nacion-por-121-billones\/\" target=\"_blank\" rel=\"noopener\">recortes de fondos<\/a>, el <strong>Gobierno de la provincia de Buenos Aires ultima detalles para presentar antes de fin de mes el Presupuesto 2026<\/strong>.<\/p>\n<p>As\u00ed lo confirm\u00f3 el <strong>ministro de Gobierno, Carlos Bianco<\/strong>, quien dijo que la<strong> ley de leyes bonaerense se entregar\u00e1 \u201cen tiempo y forma\u201d<\/strong> y que espera que la oposici\u00f3n le d\u00e9 esa herramienta al <strong>gobernador Axel Kicillof<\/strong>.<\/p>\n<p>La referencia de Bianco es porque este a\u00f1o la administraci\u00f3n bonaerense tuvo que <a href=\"https:\/\/cdnoticias.com\/index.php\/2024\/12\/28\/kicillof-califico-de-golpe-de-la-oposicion-el-rechazo-al-presupuesto-y-se-declaro-en-emergencia\/\" target=\"_blank\" rel=\"noopener\">prorrogar el Presupuesto y la Ley impositiva<\/a> luego que el oficialismo y la oposici\u00f3n no llegaran a un entendimiento sobre dos puntos clave: un <strong>fondo para financiamiento de los municipios<\/strong> y la <strong>autorizaci\u00f3n para que el Ejecutivo tome deuda<\/strong>. Esta disputa, que se sum\u00f3 a la<strong> interna del peronismo<\/strong>, hizo que el Gobierno trabajara este a\u00f1o con el presupuesto prorrogado.<\/p>\n<p>Seg\u00fan la Constituci\u00f3n Provincial,<strong> el gobernador tiene tiempo hasta el 31 de agosto para presentarle al Poder Legislativo<\/strong> la denominada ley de leyes, es decir d\u00edas antes de las elecciones legislativas de este a\u00f1o.<\/p>\n<blockquote><p>\u201cSe van a entregar en tiempo y forma\u201d, dijo Bianco en conferencia de prensa sobre el Presupuesto y el endeudamiento que solicitar\u00e1 la Provincia para el 2026.<\/p><\/blockquote>\n<p>En este contexto, aprovech\u00f3 para <strong>pedirle \u201ca todos los sectores de la oposici\u00f3n\u201d que no impidan la aprobaci\u00f3n de los proyectos<\/strong>. <em>\u201cEsas leyes est\u00e1n enviadas para que sean revisadas, pero tambi\u00e9n est\u00e1n enviadas para que se aprueben\u201d<\/em>, cerr\u00f3.<\/p>\n<p>Fuente: <em>Agencia DIB<\/em><\/p>\n","protected":false},"excerpt":{"rendered":"<p>\u201cSe van a entregar en tiempo y forma\u201d, dijo el ministro Carlos Bianco sobre la ley de leyes y el<\/p>\n","protected":false},"author":4,"featured_media":133963,"comment_status":"closed","ping_status":"closed","sticky":false,"template":"","format":"standard","meta":{"_jetpack_memberships_contains_paid_content":false,"footnotes":""},"categories":[6,1],"tags":[],"class_list":["post-180405","post","type-post","status-publish","format-standard","has-post-thumbnail","hentry","category-nacionales","category-portada"],"jetpack_featured_media_url":"https:\/\/i0.wp.com\/cdnoticias.com\/wp-content\/uploads\/2025\/01\/carlos-bianco-03.jpeg?fit=1000%2C556&ssl=1","jetpack_sharing_enabled":true,"_links":{"self":[{"href":"https:\/\/cdnoticias.com\/index.php\/wp-json\/wp\/v2\/posts\/180405","targetHints":{"allow":["GET"]}}],"collection":[{"href":"https:\/\/cdnoticias.com\/index.php\/wp-json\/wp\/v2\/posts"}],"about":[{"href":"https:\/\/cdnoticias.com\/index.php\/wp-json\/wp\/v2\/types\/post"}],"author":[{"embeddable":true,"href":"https:\/\/cdnoticias.com\/index.php\/wp-json\/wp\/v2\/users\/4"}],"replies":[{"embeddable":true,"href":"https:\/\/cdnoticias.com\/index.php\/wp-json\/wp\/v2\/comments?post=180405"}],"version-history":[{"count":0,"href":"https:\/\/cdnoticias.com\/index.php\/wp-json\/wp\/v2\/posts\/180405\/revisions"}],"wp:featuredmedia":[{"embeddable":true,"href":"https:\/\/cdnoticias.com\/index.php\/wp-json\/wp\/v2\/media\/133963"}],"wp:attachment":[{"href":"https:\/\/cdnoticias.com\/index.php\/wp-json\/wp\/v2\/media?parent=180405"}],"wp:term":[{"taxonomy":"category","embeddable":true,"href":"https:\/\/cdnoticias.com\/index.php\/wp-json\/wp\/v2\/categories?post=180405"},{"taxonomy":"post_tag","embeddable":true,"href":"https:\/\/cdnoticias.com\/index.php\/wp-json\/wp\/v2\/tags?post=180405"}],"curies":[{"name":"wp","href":"https:\/\/api.w.org\/{rel}","templated":true}]}}