{"id":180379,"date":"2025-08-25T11:07:05","date_gmt":"2025-08-25T14:07:05","guid":{"rendered":"https:\/\/cdnoticias.com\/?p=180379"},"modified":"2025-08-25T13:11:06","modified_gmt":"2025-08-25T16:11:06","slug":"la-provincia-extendio-el-limite-de-edad-para-ingresar-a-la-policia","status":"publish","type":"post","link":"https:\/\/cdnoticias.com\/index.php\/2025\/08\/25\/la-provincia-extendio-el-limite-de-edad-para-ingresar-a-la-policia\/","title":{"rendered":"La Provincia extendi\u00f3 el l\u00edmite de edad para ingresar a la Polic\u00eda"},"content":{"rendered":"\n<p>Por decisi\u00f3n excepcional para el ciclo lectivo 2025, podr\u00e1n iniciar la carrera policial quienes tengan hasta 29 a\u00f1os, inform\u00f3 el Ministerio de Seguridad.<\/p>\n\n\n\n<hr class=\"wp-block-separator has-alpha-channel-opacity\"\/>\n\n\n\n<p>El Gobierno de la provincia de Buenos Aires estableci\u00f3 con car\u00e1cter excepcional y por el ciclo lectivo del a\u00f1o 2025, que<strong> podr\u00e1n ingresar a la carrera de Polic\u00eda Bonaerense quienes cumplan 29 a\u00f1os de edad como m\u00e1ximo hasta el 31 de diciembre de este a\u00f1o.<\/strong><\/p>\n\n\n\n<p><\/p>\n\n\n\n<p>As\u00ed lo estableci\u00f3 el Ministerio de Seguridad mediante la <strong>Resoluci\u00f3n 1655 publicada este lunes en el Bolet\u00edn Oficial,<\/strong> donde se ampli\u00f3 el l\u00edmite que habitualmente es de hasta 25 a\u00f1os.<\/p>\n\n\n\n<p><\/p>\n\n\n\n<p>En concreto, la medida enmarcada en la Ley N\u00b0 13.982 que regula el r\u00e9gimen estatutario del personal policial bonaerense<strong>, modifica transitoriamente el requisito de edad establecido en el art\u00edculo 5\u00b0, que fija un rango de entre 18 y 25 a\u00f1os para el ingreso.<\/strong><\/p>\n\n\n\n<p><\/p>\n\n\n\n<p><strong>La legislaci\u00f3n, sin embargo, permite la excepci\u00f3n en casos de necesidad de reclutamiento,<\/strong> como parte de la planificaci\u00f3n estrat\u00e9gica para fortalecer la seguridad p\u00fablica en la provincia. Y es lo que adujo el Gobierno en esta oportunidad.<\/p>\n\n\n\n<p><\/p>\n\n\n\n<p>&#8220;En el marco del proceso de planificaci\u00f3n estrat\u00e9gica en materia de seguridad p\u00fablica, y ante el compromiso de mantener niveles adecuados de cobertura territorial y operatividad policial, se verifica la necesidad de ampliar transitoriamente el universo de personas habilitadas para iniciar la carrera policial, mediante el incremento excepcional del l\u00edmite m\u00e1ximo de edad para el ingreso&#8221;, destaca la resoluci\u00f3n firmada por Javier Alonso.<\/p>\n\n\n\n<p><\/p>\n\n\n\n<p>Esta decisi\u00f3n<strong> permitir\u00e1 que un mayor n\u00famero de aspirantes puedan postularse para formar parte de la fuerza de seguridad provincial durante el ciclo 2025, <\/strong>siempre que cumplan con los dem\u00e1s requisitos establecidos, como aptitudes psicof\u00edsicas, haber terminado el nivel secundario, poseer domicilio real en suelo bonaerense y la aprobaci\u00f3n de los procesos de selecci\u00f3n y formaci\u00f3n.<\/p>\n\n\n\n<p><\/p>\n\n\n\n<p>La decisi\u00f3n de extender la edad para ingresar a la Polic\u00eda Bonaerense llega en medio de <strong>fuertes cruces entre las autoridades de seguridad provinciales y las nacionales.<\/strong><\/p>\n\n\n\n<p><\/p>\n\n\n\n<p><strong>Requisitos formales para la inscripci\u00f3n en la Polic\u00eda<\/strong><\/p>\n\n\n\n<p><br>Ser Argentino\/a nativo\/a, naturalizado\/a o por opci\u00f3n.<\/p>\n\n\n\n<p><br>Tener entre 18 y 29 a\u00f1os de edad.<\/p>\n\n\n\n<p><br>Poseer domicilio real en la Provincia de Buenos Aires.<\/p>\n\n\n\n<p><br>Haber finalizado de cursar el nivel secundario, en los t\u00e9rminos de la Ley N\u00b013.688 o equivalente, conforme lo establece la reglamentaci\u00f3n.<\/p>\n\n\n\n<p><br>Responder a las aptitudes psicof\u00edsicas establecidas en la Ley N\u00b0 13.982 y su reglamentaci\u00f3n.<\/p>\n\n\n\n<p><br>No registrar Antecedentes Penales (Provincia \u2013 Naci\u00f3n).<\/p>\n\n\n\n<p><\/p>\n\n\n\n<p><em>Fuente: DIB.<\/em><\/p>\n","protected":false},"excerpt":{"rendered":"<p>Por decisi\u00f3n excepcional para el ciclo lectivo 2025, podr\u00e1n iniciar la carrera policial quienes tengan hasta 29 a\u00f1os, inform\u00f3 el<\/p>\n","protected":false},"author":5,"featured_media":180381,"comment_status":"closed","ping_status":"closed","sticky":false,"template":"","format":"standard","meta":{"_jetpack_memberships_contains_paid_content":false,"footnotes":""},"categories":[6,1],"tags":[],"class_list":["post-180379","post","type-post","status-publish","format-standard","has-post-thumbnail","hentry","category-nacionales","category-portada"],"jetpack_featured_media_url":"https:\/\/i0.wp.com\/cdnoticias.com\/wp-content\/uploads\/2025\/08\/policia-bonaerense-egresados.png?fit=800%2C445&ssl=1","jetpack_sharing_enabled":true,"_links":{"self":[{"href":"https:\/\/cdnoticias.com\/index.php\/wp-json\/wp\/v2\/posts\/180379","targetHints":{"allow":["GET"]}}],"collection":[{"href":"https:\/\/cdnoticias.com\/index.php\/wp-json\/wp\/v2\/posts"}],"about":[{"href":"https:\/\/cdnoticias.com\/index.php\/wp-json\/wp\/v2\/types\/post"}],"author":[{"embeddable":true,"href":"https:\/\/cdnoticias.com\/index.php\/wp-json\/wp\/v2\/users\/5"}],"replies":[{"embeddable":true,"href":"https:\/\/cdnoticias.com\/index.php\/wp-json\/wp\/v2\/comments?post=180379"}],"version-history":[{"count":0,"href":"https:\/\/cdnoticias.com\/index.php\/wp-json\/wp\/v2\/posts\/180379\/revisions"}],"wp:featuredmedia":[{"embeddable":true,"href":"https:\/\/cdnoticias.com\/index.php\/wp-json\/wp\/v2\/media\/180381"}],"wp:attachment":[{"href":"https:\/\/cdnoticias.com\/index.php\/wp-json\/wp\/v2\/media?parent=180379"}],"wp:term":[{"taxonomy":"category","embeddable":true,"href":"https:\/\/cdnoticias.com\/index.php\/wp-json\/wp\/v2\/categories?post=180379"},{"taxonomy":"post_tag","embeddable":true,"href":"https:\/\/cdnoticias.com\/index.php\/wp-json\/wp\/v2\/tags?post=180379"}],"curies":[{"name":"wp","href":"https:\/\/api.w.org\/{rel}","templated":true}]}}