{"id":18032,"date":"2021-04-06T12:18:32","date_gmt":"2021-04-06T15:18:32","guid":{"rendered":"http:\/\/www.centraldenoticias.com.ar\/?p=18032"},"modified":"2021-04-06T12:18:32","modified_gmt":"2021-04-06T15:18:32","slug":"balance-positivo-en-el-primer-mes-de-funcionamiento-de-jardines-maternales","status":"publish","type":"post","link":"https:\/\/cdnoticias.com\/index.php\/2021\/04\/06\/balance-positivo-en-el-primer-mes-de-funcionamiento-de-jardines-maternales\/","title":{"rendered":"Balance positivo en el primer mes de funcionamiento de Jardines Maternales"},"content":{"rendered":"<p>As\u00ed lo destac\u00f3 la subsecretaria de Desarrollo Social, Silvana Rosales. Explicaron c\u00f3mo funcionan actualmente y la oportunidad de crear nuevos v\u00ednculos entre los ni\u00f1os, familias y las instituciones.\u00a0<!--more--><\/p>\n<hr \/>\n<p>Tras poco m\u00e1s de un mes de funcionamiento,<strong> los equipos de la Subsecretar\u00eda de Desarrollo Social del Municipio -dependientes de la Secretar\u00eda de Desarrollo Humano y Calidad de Vida\u2013 realizaron un positivo balance del ciclo 2021 en los Jardines Maternales.<\/strong><\/p>\n<p>&nbsp;<\/p>\n<p>En esta \u201cnueva normalidad\u201d, debido al protocolo<strong>, la actividad se divide en dos turnos (ma\u00f1ana y tarde) por tres horas \u00fanicamente en Sala de 2 a\u00f1os. En cada una de las burbujas, asisten nueve ni\u00f1os y ni\u00f1as como m\u00e1ximo y una docente, m\u00e1s personal auxiliar que realiza tareas de sanitizaci\u00f3n durante la jornada.<\/strong><\/p>\n<p>&nbsp;<\/p>\n<p><img data-recalc-dims=\"1\" loading=\"lazy\" decoding=\"async\" class=\"alignnone size-full wp-image-18033\" src=\"https:\/\/i0.wp.com\/cdnoticias.com\/wp-content\/uploads\/2021\/04\/DS-Jardines-adaptacion-1.jpeg?resize=800%2C600&#038;ssl=1\" alt=\"\" width=\"800\" height=\"600\" srcset=\"https:\/\/i0.wp.com\/cdnoticias.com\/wp-content\/uploads\/2021\/04\/DS-Jardines-adaptacion-1.jpeg?w=1040&amp;ssl=1 1040w, https:\/\/i0.wp.com\/cdnoticias.com\/wp-content\/uploads\/2021\/04\/DS-Jardines-adaptacion-1.jpeg?resize=300%2C225&amp;ssl=1 300w, https:\/\/i0.wp.com\/cdnoticias.com\/wp-content\/uploads\/2021\/04\/DS-Jardines-adaptacion-1.jpeg?resize=768%2C576&amp;ssl=1 768w, https:\/\/i0.wp.com\/cdnoticias.com\/wp-content\/uploads\/2021\/04\/DS-Jardines-adaptacion-1.jpeg?resize=1024%2C768&amp;ssl=1 1024w\" sizes=\"auto, (max-width: 800px) 100vw, 800px\" \/><\/p>\n<p>&nbsp;<\/p>\n<p>Durante todo el mes de marzo, cada espacio trabaj\u00f3 de acuerdo a la programaci\u00f3n pedag\u00f3gica y educativa diagramada por las docentes:<em> \u201cestamos muy contentas porque hemos podido transitar el primer mes de la mejor manera. Tanto los ni\u00f1os como sus familias conocieron a las se\u00f1os y cada maternal, jugaron y comenzaron a construir nuevos v\u00ednculos\u201d<\/em>, sostuvo la subsecretaria de Desarrollo Social Silvana Rosales.<\/p>\n<p>&nbsp;<\/p>\n<blockquote><p>Adem\u00e1s, remarc\u00f3 que \u201ctodo el personal cuenta con su material de higiene: barbijos, m\u00e1scaras faciales y sanitizante. Al ingresar al Jard\u00edn se toma la temperatura de cada ni\u00f1o y ellos cuentan con su material did\u00e1ctico y sillitas identificadas\u201d.<\/p><\/blockquote>\n<p>&nbsp;<\/p>\n<p>En los jardines, las docentes trabajaron con primeros acercamientos a materiales de juego, a un reconocimiento de los espacios de salas, proyectos de Pascua, construcci\u00f3n de nuevos v\u00ednculos con adultos\/as y ni\u00f1os\/as.<\/p>\n<p>&nbsp;<\/p>\n<p>En el trabajo con las familias, <strong>se busc\u00f3 que conozcan e interioricen (tambi\u00e9n respeten) el protocolo establecido por el Municipio<\/strong>, que reconozcan al maternal como un lugar de aprendizaje c\u00e1lido y seguro y en el fortalecimiento del v\u00ednculo con personal del maternal.<\/p>\n","protected":false},"excerpt":{"rendered":"<p>As\u00ed lo destac\u00f3 la subsecretaria de Desarrollo Social, Silvana Rosales. Explicaron c\u00f3mo funcionan actualmente y la oportunidad de crear nuevos<\/p>\n","protected":false},"author":2,"featured_media":18034,"comment_status":"closed","ping_status":"closed","sticky":false,"template":"","format":"standard","meta":{"_jetpack_memberships_contains_paid_content":false,"footnotes":""},"categories":[5,1],"tags":[],"class_list":["post-18032","post","type-post","status-publish","format-standard","has-post-thumbnail","hentry","category-informacion-general","category-portada"],"jetpack_featured_media_url":"https:\/\/i0.wp.com\/cdnoticias.com\/wp-content\/uploads\/2021\/04\/DS-Jardines-adaptacion-1.jpg?fit=774%2C537&ssl=1","jetpack_sharing_enabled":true,"_links":{"self":[{"href":"https:\/\/cdnoticias.com\/index.php\/wp-json\/wp\/v2\/posts\/18032","targetHints":{"allow":["GET"]}}],"collection":[{"href":"https:\/\/cdnoticias.com\/index.php\/wp-json\/wp\/v2\/posts"}],"about":[{"href":"https:\/\/cdnoticias.com\/index.php\/wp-json\/wp\/v2\/types\/post"}],"author":[{"embeddable":true,"href":"https:\/\/cdnoticias.com\/index.php\/wp-json\/wp\/v2\/users\/2"}],"replies":[{"embeddable":true,"href":"https:\/\/cdnoticias.com\/index.php\/wp-json\/wp\/v2\/comments?post=18032"}],"version-history":[{"count":0,"href":"https:\/\/cdnoticias.com\/index.php\/wp-json\/wp\/v2\/posts\/18032\/revisions"}],"wp:featuredmedia":[{"embeddable":true,"href":"https:\/\/cdnoticias.com\/index.php\/wp-json\/wp\/v2\/media\/18034"}],"wp:attachment":[{"href":"https:\/\/cdnoticias.com\/index.php\/wp-json\/wp\/v2\/media?parent=18032"}],"wp:term":[{"taxonomy":"category","embeddable":true,"href":"https:\/\/cdnoticias.com\/index.php\/wp-json\/wp\/v2\/categories?post=18032"},{"taxonomy":"post_tag","embeddable":true,"href":"https:\/\/cdnoticias.com\/index.php\/wp-json\/wp\/v2\/tags?post=18032"}],"curies":[{"name":"wp","href":"https:\/\/api.w.org\/{rel}","templated":true}]}}