{"id":180312,"date":"2025-08-24T17:23:38","date_gmt":"2025-08-24T20:23:38","guid":{"rendered":"https:\/\/cdnoticias.com\/?p=180312"},"modified":"2025-08-24T19:46:55","modified_gmt":"2025-08-24T22:46:55","slug":"el-hospital-municipal-doctor-hector-cura-vuelve-a-tener-operativa-su-camara-hiperbarica","status":"publish","type":"post","link":"https:\/\/cdnoticias.com\/index.php\/2025\/08\/24\/el-hospital-municipal-doctor-hector-cura-vuelve-a-tener-operativa-su-camara-hiperbarica\/","title":{"rendered":"El Hospital Municipal \u201cDoctor H\u00e9ctor Cura\u201d vuelve a tener operativa su C\u00e1mara Hiperb\u00e1rica"},"content":{"rendered":"<p>El equipamiento, tras a\u00f1os de desuso fue recuperado y se encuentra disponible para ser utilizado por pacientes del Partido y la regi\u00f3n.<!--more--><\/p>\n<hr \/>\n<p>En un sencillo pero no menos trascendente acto, el \u00faltimo viernes <strong>el intendente Maximiliano Wesner y referentes del Hospital Municipal \u201cDoctor H\u00e9ctor Cura\u201d<\/strong> comunicaron que<strong> ya se encuentra nuevamente operativa la c\u00e1mara hiperb\u00e1rica<\/strong>, &#8220;un equipamiento que durante d\u00e9cadas ubic\u00f3 a Olavarr\u00eda como un punto de referencia en la materia, brindando a pacientes de alta complejidad de toda la regi\u00f3n un servicio de atenci\u00f3n de calidad, pero que <strong>desde el 2020 hab\u00eda quedado en el olvido producto de la falta de inversi\u00f3n y mantenimiento&#8221; inform\u00f3 el Municipio.<\/strong><\/p>\n<p>La noticia, que fue celebrada desde diversos sectores, se enmarca en la continuidad del plan de <strong>inversi\u00f3n en materia de infraestructura y tecnolog\u00eda m\u00e9dica<\/strong> llevado a cabo desde el Municipio.<\/p>\n<blockquote><p>\u201cNo es un equipamiento m\u00e1s. La verdad que para nosotros es algo m\u00e1s que importante, una garant\u00eda, una necesidad de toda la comunidad y la zona, porque 300 kil\u00f3metros a la redonda no hay otra c\u00e1mara hiperb\u00e1rica\u201d, enfatiz\u00f3 el intendente de Olavarr\u00eda, quien en la ocasi\u00f3n estuvo acompa\u00f1ado por el doctor Fernando Al\u00ed, director del Hospital Municipal y subsecretario de Salud M\u00e9dica, adem\u00e1s de personal m\u00e9dico y trabajadores, referentes de la Facultad de Ingenier\u00eda y p\u00fablico en general.<\/p><\/blockquote>\n<p><img data-recalc-dims=\"1\" loading=\"lazy\" decoding=\"async\" class=\"alignnone size-full wp-image-180315 aligncenter\" src=\"https:\/\/i0.wp.com\/cdnoticias.com\/wp-content\/uploads\/2025\/08\/Camara-hiperabarica-7.jpeg?resize=800%2C445&#038;ssl=1\" alt=\"\" width=\"800\" height=\"445\" srcset=\"https:\/\/i0.wp.com\/cdnoticias.com\/wp-content\/uploads\/2025\/08\/Camara-hiperabarica-7.jpeg?w=1000&amp;ssl=1 1000w, https:\/\/i0.wp.com\/cdnoticias.com\/wp-content\/uploads\/2025\/08\/Camara-hiperabarica-7.jpeg?resize=300%2C167&amp;ssl=1 300w, https:\/\/i0.wp.com\/cdnoticias.com\/wp-content\/uploads\/2025\/08\/Camara-hiperabarica-7.jpeg?resize=768%2C427&amp;ssl=1 768w, https:\/\/i0.wp.com\/cdnoticias.com\/wp-content\/uploads\/2025\/08\/Camara-hiperabarica-7.jpeg?resize=800%2C445&amp;ssl=1 800w\" sizes=\"auto, (max-width: 800px) 100vw, 800px\" \/><\/p>\n<p>Para la ocasi\u00f3n fueron convocados especialmente integrantes de la <strong>Fundaci\u00f3n Hospital Municipal \u201cDoctor H\u00e9ctor Cura\u201d encabezados por Delia Bouciguez<\/strong>, desde donde se gestion\u00f3 la llegada de la C\u00e1mara Hiperb\u00e1rica d\u00e9cadas atr\u00e1s, lo que convirti\u00f3 al centro asistencial local en el primer hospital p\u00fablico del pa\u00eds en contar con este equipamiento.<\/p>\n<p>Tambi\u00e9n estuvo presente la <strong>doctora Nina Subbotina, especialista en medicina hiperb\u00e1rica<\/strong> y la atenci\u00f3n de pacientes en este dispositivo de alta complejidad.<\/p>\n<blockquote><p>\u201cEs la medicina que permite salvar vidas, disminuir amputaciones y aumentar la calidad de vida de los pacientes\u201d, ponder\u00f3 la doctora Subbotina, quien celebr\u00f3 la recuperaci\u00f3n del equipamiento.<\/p><\/blockquote>\n<p><img data-recalc-dims=\"1\" loading=\"lazy\" decoding=\"async\" class=\"alignnone size-full wp-image-180314 aligncenter\" src=\"https:\/\/i0.wp.com\/cdnoticias.com\/wp-content\/uploads\/2025\/08\/Camara-hiperabarica-5.jpeg?resize=800%2C532&#038;ssl=1\" alt=\"\" width=\"800\" height=\"532\" srcset=\"https:\/\/i0.wp.com\/cdnoticias.com\/wp-content\/uploads\/2025\/08\/Camara-hiperabarica-5.jpeg?w=1000&amp;ssl=1 1000w, https:\/\/i0.wp.com\/cdnoticias.com\/wp-content\/uploads\/2025\/08\/Camara-hiperabarica-5.jpeg?resize=300%2C200&amp;ssl=1 300w, https:\/\/i0.wp.com\/cdnoticias.com\/wp-content\/uploads\/2025\/08\/Camara-hiperabarica-5.jpeg?resize=768%2C511&amp;ssl=1 768w, https:\/\/i0.wp.com\/cdnoticias.com\/wp-content\/uploads\/2025\/08\/Camara-hiperabarica-5.jpeg?resize=272%2C182&amp;ssl=1 272w\" sizes=\"auto, (max-width: 800px) 100vw, 800px\" \/><\/p>\n<p>\u201cHoy, por una decisi\u00f3n de esta gesti\u00f3n,<strong> estamos poniendo en funcionamiento la C\u00e1mara Hiperb\u00e1rica<\/strong>. Desde el Municipio tambi\u00e9n se gestiona en recuperar aquello que tuvo quiz\u00e1s un desinter\u00e9s, que hab\u00eda quedado en el olvido.<strong> Realizamos un trabajo enorme de recuperaci\u00f3n\u201d<\/strong>, concluy\u00f3 el intendente de Olavarr\u00eda. Vale destacar que la c\u00e1mara hab\u00eda quedado<strong> fuera de funcionamiento en 2020, luego de tener un promedio de atenci\u00f3n de 800 pacientes por a\u00f1o.<\/strong><\/p>\n<p><strong>&#8220;Vale recordar que diversas fallas fueron derivando en un deterioro progresivo del dispositivo<\/strong>, lo que imposibilitaba un uso seguro. <strong>En agosto del 2024 se puso en marcha el plan de recuperaci\u00f3n<\/strong>, que permiti\u00f3 volver a contar con este trascendente equipamiento&#8221; indic\u00f3 el Municipio.<\/p>\n<blockquote><p>\u201cA\u00f1os que esto estaba abandonado, daba mucha tristeza\u201d, expres\u00f3 Delia Bouciguez, quien por a\u00f1os lider\u00f3 la Fundaci\u00f3n al Hospital Municipal, dirigi\u00e9ndose al intendente de Olavarr\u00eda, a quien agradeci\u00f3 y dirigi\u00f3 un aplauso luego de hacer un detallado repaso sobre c\u00f3mo fue adquirida la c\u00e1mara y el porqu\u00e9 de la necesidad de que est\u00e9 operativa.<\/p><\/blockquote>\n","protected":false},"excerpt":{"rendered":"<p>El equipamiento, tras a\u00f1os de desuso fue recuperado y se encuentra disponible para ser utilizado por pacientes del Partido y<\/p>\n","protected":false},"author":4,"featured_media":180313,"comment_status":"closed","ping_status":"closed","sticky":false,"template":"","format":"standard","meta":{"_jetpack_memberships_contains_paid_content":false,"footnotes":""},"categories":[5,1],"tags":[],"class_list":["post-180312","post","type-post","status-publish","format-standard","has-post-thumbnail","hentry","category-informacion-general","category-portada"],"jetpack_featured_media_url":"https:\/\/i0.wp.com\/cdnoticias.com\/wp-content\/uploads\/2025\/08\/Camara-hiperabarica-4.jpeg?fit=1000%2C556&ssl=1","jetpack_sharing_enabled":true,"_links":{"self":[{"href":"https:\/\/cdnoticias.com\/index.php\/wp-json\/wp\/v2\/posts\/180312","targetHints":{"allow":["GET"]}}],"collection":[{"href":"https:\/\/cdnoticias.com\/index.php\/wp-json\/wp\/v2\/posts"}],"about":[{"href":"https:\/\/cdnoticias.com\/index.php\/wp-json\/wp\/v2\/types\/post"}],"author":[{"embeddable":true,"href":"https:\/\/cdnoticias.com\/index.php\/wp-json\/wp\/v2\/users\/4"}],"replies":[{"embeddable":true,"href":"https:\/\/cdnoticias.com\/index.php\/wp-json\/wp\/v2\/comments?post=180312"}],"version-history":[{"count":0,"href":"https:\/\/cdnoticias.com\/index.php\/wp-json\/wp\/v2\/posts\/180312\/revisions"}],"wp:featuredmedia":[{"embeddable":true,"href":"https:\/\/cdnoticias.com\/index.php\/wp-json\/wp\/v2\/media\/180313"}],"wp:attachment":[{"href":"https:\/\/cdnoticias.com\/index.php\/wp-json\/wp\/v2\/media?parent=180312"}],"wp:term":[{"taxonomy":"category","embeddable":true,"href":"https:\/\/cdnoticias.com\/index.php\/wp-json\/wp\/v2\/categories?post=180312"},{"taxonomy":"post_tag","embeddable":true,"href":"https:\/\/cdnoticias.com\/index.php\/wp-json\/wp\/v2\/tags?post=180312"}],"curies":[{"name":"wp","href":"https:\/\/api.w.org\/{rel}","templated":true}]}}