{"id":180305,"date":"2025-08-24T10:34:13","date_gmt":"2025-08-24T13:34:13","guid":{"rendered":"https:\/\/cdnoticias.com\/?p=180305"},"modified":"2025-08-24T13:33:19","modified_gmt":"2025-08-24T16:33:19","slug":"este-domingo-alerta-por-viento-en-olavarria","status":"publish","type":"post","link":"https:\/\/cdnoticias.com\/index.php\/2025\/08\/24\/este-domingo-alerta-por-viento-en-olavarria\/","title":{"rendered":"Este domingo, alerta por viento en Olavarr\u00eda"},"content":{"rendered":"<p>El SMN emiti\u00f3 un alerta amarillo para el centro de la provincia. Se esperan r\u00e1fagas de hasta 80 km\/h durante la tarde.<!--more--><\/p>\n<hr \/>\n<p>El<strong> Servicio Meteorol\u00f3gico Nacional (SMN)<\/strong> emiti\u00f3 un <strong>alerta amarillo por viento<\/strong> para gran parte de la provincia de Buenos Aires: alcanza al sur, al centro y a la costa mar\u00edtima bonaerense.<\/p>\n<blockquote><p>Olavarr\u00eda est\u00e1 incluida en la advertencia para la tarde de este domingo. \u201cEl \u00e1rea ser\u00e1 afectada por vientos fuertes del sector oeste con velocidades entre 35 y 55 km\/h, y r\u00e1fagas que pueden alcanzar los 80 km\/h\u201d indic\u00f3 el organismo.<\/p><\/blockquote>\n<p>Para este domingo en nuestra ciudad por la tarde el SMN previ\u00f3 cielo despejado con una<strong> temperatura m\u00e1xima de 17\u00ba<\/strong>.<\/p>\n","protected":false},"excerpt":{"rendered":"<p>El SMN emiti\u00f3 un alerta amarillo para el centro de la provincia. Se esperan r\u00e1fagas de hasta 80 km\/h durante<\/p>\n","protected":false},"author":4,"featured_media":130050,"comment_status":"closed","ping_status":"closed","sticky":false,"template":"","format":"standard","meta":{"_jetpack_memberships_contains_paid_content":false,"footnotes":""},"categories":[5,1],"tags":[],"class_list":["post-180305","post","type-post","status-publish","format-standard","has-post-thumbnail","hentry","category-informacion-general","category-portada"],"jetpack_featured_media_url":"https:\/\/i0.wp.com\/cdnoticias.com\/wp-content\/uploads\/2024\/11\/parque-viento-cielo.jpeg?fit=1000%2C556&ssl=1","jetpack_sharing_enabled":true,"_links":{"self":[{"href":"https:\/\/cdnoticias.com\/index.php\/wp-json\/wp\/v2\/posts\/180305","targetHints":{"allow":["GET"]}}],"collection":[{"href":"https:\/\/cdnoticias.com\/index.php\/wp-json\/wp\/v2\/posts"}],"about":[{"href":"https:\/\/cdnoticias.com\/index.php\/wp-json\/wp\/v2\/types\/post"}],"author":[{"embeddable":true,"href":"https:\/\/cdnoticias.com\/index.php\/wp-json\/wp\/v2\/users\/4"}],"replies":[{"embeddable":true,"href":"https:\/\/cdnoticias.com\/index.php\/wp-json\/wp\/v2\/comments?post=180305"}],"version-history":[{"count":0,"href":"https:\/\/cdnoticias.com\/index.php\/wp-json\/wp\/v2\/posts\/180305\/revisions"}],"wp:featuredmedia":[{"embeddable":true,"href":"https:\/\/cdnoticias.com\/index.php\/wp-json\/wp\/v2\/media\/130050"}],"wp:attachment":[{"href":"https:\/\/cdnoticias.com\/index.php\/wp-json\/wp\/v2\/media?parent=180305"}],"wp:term":[{"taxonomy":"category","embeddable":true,"href":"https:\/\/cdnoticias.com\/index.php\/wp-json\/wp\/v2\/categories?post=180305"},{"taxonomy":"post_tag","embeddable":true,"href":"https:\/\/cdnoticias.com\/index.php\/wp-json\/wp\/v2\/tags?post=180305"}],"curies":[{"name":"wp","href":"https:\/\/api.w.org\/{rel}","templated":true}]}}