{"id":180276,"date":"2025-08-22T21:19:24","date_gmt":"2025-08-23T00:19:24","guid":{"rendered":"https:\/\/cdnoticias.com\/?p=180276"},"modified":"2025-08-23T12:44:02","modified_gmt":"2025-08-23T15:44:02","slug":"karina-ostertag-aunque-sea-un-granito-de-arena-en-el-mar-yo-quiero-aportar-eso-para-mi-ciudad","status":"publish","type":"post","link":"https:\/\/cdnoticias.com\/index.php\/2025\/08\/22\/karina-ostertag-aunque-sea-un-granito-de-arena-en-el-mar-yo-quiero-aportar-eso-para-mi-ciudad\/","title":{"rendered":"Karina Ostertag: \u201cAunque sea un granito de arena en el mar, yo quiero aportar eso para mi ciudad\u201d"},"content":{"rendered":"<p>Es candidata a concejal de Somos Olavarr\u00eda y con amplia trayectoria en la gesti\u00f3n cultural local. Cont\u00f3 sus propuestas en ese \u00e1mbito: llevar la cultura local a la regi\u00f3n y a la provincia. \u201cLa gente nos ha demostrado que van a apostar por un cambio\u201d dijo sobre la campa\u00f1a.<!--more--><\/p>\n<hr \/>\n<p><strong>Karina Ostertag<\/strong> es <strong>tercera candidata a concejal de Somos Olavarr\u00eda<\/strong>. Tiene <em>m\u00e1s de dos d\u00e9cadas de trayectoria en la funci\u00f3n p\u00fablica, aunque es la primera vez que se postula en una elecci\u00f3n<\/em>. Ha sido directora del Teatro Municipal y directora de Cultura.<strong> \u201cAunque sea un granito de arena en el mar, yo quiero aportar eso para mi ciudad\u201d<\/strong> defini\u00f3 sobre su visi\u00f3n de la labor desde el Concejo Deliberante.<\/p>\n<p>En una entrevista con<strong> Central de Noticias<\/strong> explic\u00f3 que su intenci\u00f3n es <strong>\u201caportar y legislar, crear ordenanzas o resoluciones que tienen que ver con la vida cotidiana de los olavarrienses.<\/strong> Puedo representar a la ciudadan\u00eda como intermediaria entre los vecinos y gobierno Municipal. Puedo aportar<strong> en el arte como herramienta de transformaci\u00f3n singular y colectiva<\/strong>, sembrar, acompa\u00f1ar, comunicar, defender proyectos de la comunidad\u201d. Tambi\u00e9n subray\u00f3 la importancia de <strong>\u201ccontrolar al departamento Ejecutivo y fiscalizar la gesti\u00f3n del Intendente\u201d<\/strong>.<\/p>\n<p>Otro aspecto al que se refiri\u00f3 fue la importancia de \u201csalir\u201d: <strong>\u201chay gente muy capaz, muy trabajadora, con mucho saber, que sentados en el Concejo no la vamos a ver\u201d.<\/strong><\/p>\n<blockquote><p>Acerca de su experiencia en el gobierno local se\u00f1al\u00f3 que \u201cfui testigo hace 20 a\u00f1os de la movilidad social en cultura general y tambi\u00e9n actu\u00e9 como nexo entre lo p\u00fablico y lo privado\u201d. Karina advirti\u00f3 que \u201chay lugares menos favorecidos, hay enormes talentos con mucho conocimiento que se arrumban en la tristeza o el temor de no poder hablar. La cultura requiere un presupuesto porque transforma sociedades y devuelve educaci\u00f3n\u201d.<\/p><\/blockquote>\n<p><img data-recalc-dims=\"1\" loading=\"lazy\" decoding=\"async\" class=\"alignnone size-full wp-image-180223 aligncenter\" src=\"https:\/\/i0.wp.com\/cdnoticias.com\/wp-content\/uploads\/2025\/08\/karina-ostertag-03.png?resize=800%2C445&#038;ssl=1\" alt=\"\" width=\"800\" height=\"445\" srcset=\"https:\/\/i0.wp.com\/cdnoticias.com\/wp-content\/uploads\/2025\/08\/karina-ostertag-03.png?w=800&amp;ssl=1 800w, https:\/\/i0.wp.com\/cdnoticias.com\/wp-content\/uploads\/2025\/08\/karina-ostertag-03.png?resize=300%2C167&amp;ssl=1 300w, https:\/\/i0.wp.com\/cdnoticias.com\/wp-content\/uploads\/2025\/08\/karina-ostertag-03.png?resize=768%2C427&amp;ssl=1 768w\" sizes=\"auto, (max-width: 800px) 100vw, 800px\" \/><\/p>\n<h3>Escuchar y dar valor<\/h3>\n<p>Karina lleg\u00f3 a la entrevista en <strong>Central de Noticias<\/strong> desde una reuni\u00f3n con una sociedad de fomento. Destac\u00f3 que <strong>recibe pedidos de reuniones<\/strong>, al igual que el resto de los candidatos de Somos Olavarr\u00eda.<strong> \u201cSiempre prioric\u00e9 la escucha de la sociedad, de las personas\u201d<\/strong> dijo para explicar que es el inicio para buscar soluciones y presentar proyectos. En ese sentido, cont\u00f3 que \u201cvenimos con el equipo recorriendo todos los comercios. Hay un problema de seguridad. Entonces nosotros<strong> empezamos aunque sea a hacer cosas b\u00e1sicas, que resolvamos las problem\u00e1ticas de nuestra ciudad<\/strong> con c\u00e1maras, por ejemplo\u201d. Se refiri\u00f3 a propuestas ya presentadas por los concejales radicales en esa l\u00ednea, para indicar que<strong> \u201cllega un tiempo que nosotros nos tenemos que empezar a escuchar todos.<\/strong> Sea del partido que fuere, sentarnos y dialogar qu\u00e9 queremos para Olavarr\u00eda. Dejar de lado los egos, dejar de lado a veces las ideolog\u00edas\u201d.<\/p>\n<blockquote><p>Explic\u00f3 as\u00ed su presencia en la lista de candidatos: \u201cme invitaron a participar y yo vi que hab\u00eda un grupo que ten\u00eda empat\u00eda hacia el otro, al servicio, a ser m\u00e1s tolerantes, a ser m\u00e1s emp\u00e1ticos. Es lo que me llev\u00f3 a participar en pol\u00edtica\u201d.<\/p><\/blockquote>\n<p>El contexto en que se desarrolla la campa\u00f1a electoral encuentra a la poblaci\u00f3n con apat\u00eda y hasta rechazo por la pol\u00edtica.<strong> \u201cYo creo que hay una mayor cantidad de gente que est\u00e1 enojada con los pol\u00edticos. Pero cuando vos convers\u00e1s de que la idea es ser transparente, yo creo que vuelven a confiar\u201d<\/strong> sostuvo.<\/p>\n<p>Tras destacar su mensaje acerca del rol de concejal como un mediador entre los vecinos y la gesti\u00f3n municipal, Ostertag afirm\u00f3 que<strong> \u201chay esperanza y la gente nos ha demostrado eso, que van a votar y que van a apostar por un cambio\u201d.<\/strong><\/p>\n<p>Algo de la campa\u00f1a le caus\u00f3 sorpresa a la candidata:<strong> \u201cMe sorprend\u00ed c\u00f3mo escuchan los vecinos.<\/strong> Es la primera vez que me postulo y no sab\u00eda c\u00f3mo me iban a recibir. Y la verdad que yo pactaba -como me pas\u00f3 hoy- una reuni\u00f3n de 10 minutos y termin\u00e9 40 minutos conversando con la gente. Y eso a m\u00ed me encanta porque es donde ves realmente la necesidad que hay\u201d.<\/p>\n<p><img data-recalc-dims=\"1\" loading=\"lazy\" decoding=\"async\" class=\"alignnone size-full wp-image-179756 aligncenter\" src=\"https:\/\/i0.wp.com\/cdnoticias.com\/wp-content\/uploads\/2025\/08\/somos-olavarria-ucr-recorrida-01.png?resize=800%2C445&#038;ssl=1\" alt=\"\" width=\"800\" height=\"445\" srcset=\"https:\/\/i0.wp.com\/cdnoticias.com\/wp-content\/uploads\/2025\/08\/somos-olavarria-ucr-recorrida-01.png?w=800&amp;ssl=1 800w, https:\/\/i0.wp.com\/cdnoticias.com\/wp-content\/uploads\/2025\/08\/somos-olavarria-ucr-recorrida-01.png?resize=300%2C167&amp;ssl=1 300w, https:\/\/i0.wp.com\/cdnoticias.com\/wp-content\/uploads\/2025\/08\/somos-olavarria-ucr-recorrida-01.png?resize=768%2C427&amp;ssl=1 768w\" sizes=\"auto, (max-width: 800px) 100vw, 800px\" \/><\/p>\n<h3>Propuestas<\/h3>\n<p>Karina Ostertag plante\u00f3 numerosos temas para los que ella en lo personal y Somos Olavarr\u00eda tienen propuestas, <strong>\u201cyo puedo aportar todo lo que he aprendido\u201d<\/strong> indic\u00f3.<\/p>\n<p>Sus propuestas principales tienen como eje a la cultura. Con varias cr\u00edticas a la gesti\u00f3n municipal, se refiri\u00f3 a la <strong>actualidad de las escuelas art\u00edsticas municipales<\/strong>. \u201cLa cultura transforma a la educaci\u00f3n. Y eso es lo importante. <strong>Hoy desde mi lugar como coordinadora (del Teatro Municipal), mi voz queda a la deriva.<\/strong> Entonces tuve que apostar a la pol\u00edtica. Me pasa como al resto de la gente: sigo teniendo esperanza para que se puedan realizar los proyectos y que la gente est\u00e9 mejor\u201d.<\/p>\n<blockquote><p>Apunt\u00f3 a la falta de un espacio adecuado para la Escuela de Teatro, a la necesidad de apuntalar a la Escuela de Orfebrer\u00eda y cuestion\u00f3 la decisi\u00f3n de mudar la Escuela de M\u00fasica a la sede de Coronel Su\u00e1rez 2924, donde hasta hace pocos d\u00edas funcion\u00f3 la Casa de la Cultura.\u00a0Sobre esto \u00faltimo Ostertag dijo que \u201cno puede funcionar la Escuela de M\u00fasica donde no hay ac\u00fastica. No pueden estar 300 alumnos dentro de esa casa que tienen unos vitraux que hay que cuidarlos y una escalera que tiene d\u00e9cadas. No es para un tr\u00e1nsito como tiene la Escuela de M\u00fasica\u201d.<\/p><\/blockquote>\n<p><strong>\u201cHay que cuidar el patrimonio cultural que se est\u00e1 dejando de lado\u201d<\/strong> resumi\u00f3 su postura y consider\u00f3 que el caso de la reubicaci\u00f3n de instituciones \u201cson intercambios que hay que estudiarlos y no tomarlos a la ligera. Porque el patrimonio es importante\u201d. Concluy\u00f3 en que <strong>\u201cfalta organizaci\u00f3n, determinaci\u00f3n y proyectos a largo plazo\u201d<\/strong>.<\/p>\n<p><img data-recalc-dims=\"1\" loading=\"lazy\" decoding=\"async\" class=\"alignnone size-full wp-image-180222 aligncenter\" src=\"https:\/\/i0.wp.com\/cdnoticias.com\/wp-content\/uploads\/2025\/08\/karina-ostertag-02.png?resize=800%2C445&#038;ssl=1\" alt=\"\" width=\"800\" height=\"445\" srcset=\"https:\/\/i0.wp.com\/cdnoticias.com\/wp-content\/uploads\/2025\/08\/karina-ostertag-02.png?w=800&amp;ssl=1 800w, https:\/\/i0.wp.com\/cdnoticias.com\/wp-content\/uploads\/2025\/08\/karina-ostertag-02.png?resize=300%2C167&amp;ssl=1 300w, https:\/\/i0.wp.com\/cdnoticias.com\/wp-content\/uploads\/2025\/08\/karina-ostertag-02.png?resize=768%2C427&amp;ssl=1 768w\" sizes=\"auto, (max-width: 800px) 100vw, 800px\" \/><\/p>\n<p>M\u00e1s adelante se refiri\u00f3 a los artesanos y la posibilidad de posicionar su trabajo de manera regional. <strong>\u201cTenemos unos artesanos de la hostia. Hagamos visibles esos artesanos de Olavarr\u00eda, llev\u00e9moslos a la regi\u00f3n, a la provincia.<\/strong> Empecemos a <strong>pensar y desarrollar Olavarr\u00eda a futuro<\/strong>, tanto en lo econ\u00f3mico como en lo cultural. Porque la cultura transforma sociedades y educa. Y<strong> una Olavarr\u00eda con mucha educaci\u00f3n muestra una Olavarr\u00eda de desarrollo<\/strong>. Entonces, nosotros estamos para guiar, para sentarnos desde la pol\u00edtica a pensar en esa Olavarr\u00eda con proyecci\u00f3n\u201d.<\/p>\n<blockquote><p>Karina profundiz\u00f3 sobre el \u201cvalor\u201d que adquiere el desarrollo cultural local para considerar que \u201chay que hacerlo visible porque eso tambi\u00e9n quiere decir que Olavarr\u00eda est\u00e1 preparada culturalmente para que la regi\u00f3n nos vea y que haya intercambio cultural. Eso falta, un intercambio cultural con la regi\u00f3n y con la provincia. Se tiene que dar poniendo gente capacitada y a quienes estuvieron hace a\u00f1os, no dejarlos de lado\u201d.<\/p><\/blockquote>\n<p><strong>\u201cNo hay que dejar de lado a los que realmente tienen una trayectoria como est\u00e1 pasando y pas\u00f3 en diferentes sectores.<\/strong> Eso me preocup\u00f3. No es que la gente se enquista en los lugares, como acusan, hay progresos. Empez\u00e1s a tener m\u00e1s conocimiento porque te vas perfeccionando en un lugar. Y el que viene tiene que acompa\u00f1ar y tambi\u00e9n aprender junto con el que est\u00e1. <em>Nosotros no podemos dejar de lado al que organiz\u00f3, al que tiene conocimiento de un \u00e1rea\u201d<\/em> dijo para subrayar la idea de que la ciudad debe \u201cempoderarse\u201d con las trayectorias de sus funcionarios y gestores.<\/p>\n<p>Por \u00faltimo, tambi\u00e9n mencion\u00f3 <strong>distintos temas para los que Somos Olavarr\u00eda cuenta con proyectos<\/strong>: la situaci\u00f3n de la infraestructura en el Hospital Municipal, la necesidad de mejorar el servicio de transporte p\u00fablico, los pedidos de extensi\u00f3n del alumbrado, distintas pol\u00edticas a desarrollar para la juventud en coordinaci\u00f3n con las escuelas, la posibilidad de potenciar y ampliar la labor de entidades barriales y desarrollar accesibilidad para ampliar el p\u00fablico de las propuestas art\u00edsticas e incluir a personas con discapacidades.<\/p>\n","protected":false},"excerpt":{"rendered":"<p>Es candidata a concejal de Somos Olavarr\u00eda y con amplia trayectoria en la gesti\u00f3n cultural local. Cont\u00f3 sus propuestas en<\/p>\n","protected":false},"author":4,"featured_media":180224,"comment_status":"closed","ping_status":"closed","sticky":false,"template":"","format":"standard","meta":{"_jetpack_memberships_contains_paid_content":false,"footnotes":""},"categories":[4,1],"tags":[],"class_list":["post-180276","post","type-post","status-publish","format-standard","has-post-thumbnail","hentry","category-politica","category-portada"],"jetpack_featured_media_url":"https:\/\/i0.wp.com\/cdnoticias.com\/wp-content\/uploads\/2025\/08\/karina-ostertag-01.png?fit=800%2C445&ssl=1","jetpack_sharing_enabled":true,"_links":{"self":[{"href":"https:\/\/cdnoticias.com\/index.php\/wp-json\/wp\/v2\/posts\/180276","targetHints":{"allow":["GET"]}}],"collection":[{"href":"https:\/\/cdnoticias.com\/index.php\/wp-json\/wp\/v2\/posts"}],"about":[{"href":"https:\/\/cdnoticias.com\/index.php\/wp-json\/wp\/v2\/types\/post"}],"author":[{"embeddable":true,"href":"https:\/\/cdnoticias.com\/index.php\/wp-json\/wp\/v2\/users\/4"}],"replies":[{"embeddable":true,"href":"https:\/\/cdnoticias.com\/index.php\/wp-json\/wp\/v2\/comments?post=180276"}],"version-history":[{"count":0,"href":"https:\/\/cdnoticias.com\/index.php\/wp-json\/wp\/v2\/posts\/180276\/revisions"}],"wp:featuredmedia":[{"embeddable":true,"href":"https:\/\/cdnoticias.com\/index.php\/wp-json\/wp\/v2\/media\/180224"}],"wp:attachment":[{"href":"https:\/\/cdnoticias.com\/index.php\/wp-json\/wp\/v2\/media?parent=180276"}],"wp:term":[{"taxonomy":"category","embeddable":true,"href":"https:\/\/cdnoticias.com\/index.php\/wp-json\/wp\/v2\/categories?post=180276"},{"taxonomy":"post_tag","embeddable":true,"href":"https:\/\/cdnoticias.com\/index.php\/wp-json\/wp\/v2\/tags?post=180276"}],"curies":[{"name":"wp","href":"https:\/\/api.w.org\/{rel}","templated":true}]}}