{"id":180259,"date":"2025-08-22T17:33:16","date_gmt":"2025-08-22T20:33:16","guid":{"rendered":"https:\/\/cdnoticias.com\/?p=180259"},"modified":"2025-08-22T17:33:18","modified_gmt":"2025-08-22T20:33:18","slug":"el-concejo-deliberante-estudiantil-organiza-una-charla-debate-con-candidatos","status":"publish","type":"post","link":"https:\/\/cdnoticias.com\/index.php\/2025\/08\/22\/el-concejo-deliberante-estudiantil-organiza-una-charla-debate-con-candidatos\/","title":{"rendered":"El Concejo Deliberante Estudiantil organiza una charla debate con candidatos"},"content":{"rendered":"\n<p>Ser\u00e1 el pr\u00f3ximo martes por la ma\u00f1ana, en el Teatro Municipal. Cada fuerza pol\u00edtica podr\u00e1 designar a un candidato a concejal o consejero escolar. Habr\u00e1 un &#8220;buz\u00f3n de preguntas&#8221; que los candidatos responder\u00e1n por correo electr\u00f3nico.<\/p>\n\n\n\n<hr class=\"wp-block-separator aligncenter has-alpha-channel-opacity\"\/>\n\n\n\n<p>El Concejo Deliberante Estudiantil (CDE) llevar\u00e1 adelante el pr\u00f3ximo martes 26 de agosto una <strong>charla debate que contar\u00e1 con la participaci\u00f3n de candidatos pertenecientes a los nueve espacios pol\u00edticos que competir\u00e1n en las elecciones legislativas programadas para el 7 de septiembre.<\/strong><\/p>\n\n\n\n<p>La actividad se desarrollar\u00e1 en el <strong>Teatro Municipal de Olavarr\u00eda, entre las 10 y las 12 horas, y tendr\u00e1 como p\u00fablico a estudiantes de sexto a\u00f1o de las escuelas secundarias de todo el partido.<\/strong><\/p>\n\n\n\n<figure class=\"wp-block-image size-large\"><img data-recalc-dims=\"1\" loading=\"lazy\" decoding=\"async\" width=\"800\" height=\"413\" src=\"https:\/\/i0.wp.com\/cdnoticias.com\/wp-content\/uploads\/2025\/08\/cde.jpg?resize=800%2C413&#038;ssl=1\" alt=\"\" class=\"wp-image-180261\" srcset=\"https:\/\/i0.wp.com\/cdnoticias.com\/wp-content\/uploads\/2025\/08\/cde.jpg?resize=1024%2C528&amp;ssl=1 1024w, https:\/\/i0.wp.com\/cdnoticias.com\/wp-content\/uploads\/2025\/08\/cde.jpg?resize=300%2C155&amp;ssl=1 300w, https:\/\/i0.wp.com\/cdnoticias.com\/wp-content\/uploads\/2025\/08\/cde.jpg?resize=768%2C396&amp;ssl=1 768w, https:\/\/i0.wp.com\/cdnoticias.com\/wp-content\/uploads\/2025\/08\/cde.jpg?resize=1536%2C792&amp;ssl=1 1536w, https:\/\/i0.wp.com\/cdnoticias.com\/wp-content\/uploads\/2025\/08\/cde.jpg?w=1600&amp;ssl=1 1600w\" sizes=\"auto, (max-width: 800px) 100vw, 800px\" \/><\/figure>\n\n\n\n<p>De acuerdo a lo establecido en el art\u00edculo 26\u00b0 de la ordenanza 4924\/22, en los a\u00f1os electorales el CDE tiene como responsabilidad <em>\u201corganizar charlas debate con los candidatos a intendente y concejales, con preguntas e inquietudes que deber\u00e1n surgir de los estudiantes\u201d.<\/em> En ese marco, los concejales estudiantiles de la edici\u00f3n 2025 resolvieron que<strong> los ejes centrales de esta presentaci\u00f3n de candidatos sean \u201cjuventudes\u201d e \u201cinfraestructura\u201d.<\/strong><\/p>\n\n\n\n<blockquote class=\"wp-block-quote is-layout-flow wp-block-quote-is-layout-flow\">\n<p>Cada fuerza pol\u00edtica que competir\u00e1 en los comicios de septiembre podr\u00e1 designar a uno de sus postulantes a concejal o consejero escolar para que represente a su lista en esta jornada.<\/p>\n<\/blockquote>\n\n\n\n<p>El esquema de trabajo prev\u00e9 que,<strong> en cada eje, los expositores dispongan de dos minutos para presentar sus propuestas. Luego de esas intervenciones, cada participante deber\u00e1 responder una pregunta elaborada por los propios estudiantes y vinculada a lo expuesto.<\/strong><\/p>\n\n\n\n<p>Como novedad,<strong> el CDE resolvi\u00f3 la incorporaci\u00f3n de un \u201cbuz\u00f3n de preguntas\u201d, a trav\u00e9s del cual los estudiantes podr\u00e1n dejar inquietudes o dudas que posteriormente ser\u00e1n respondidas por los candidatos v\u00eda correo electr\u00f3nico.<\/strong><\/p>\n\n\n\n<p>La charla debate <strong>se transmitir\u00e1 en vivo a trav\u00e9s del canal oficial de YouTube del Honorable Concejo Deliberante de Olavarr\u00eda.<\/strong><\/p>\n\n\n\n<p><\/p>\n","protected":false},"excerpt":{"rendered":"<p>Ser\u00e1 el pr\u00f3ximo martes por la ma\u00f1ana, en el Teatro Municipal. Cada fuerza pol\u00edtica podr\u00e1 designar a un candidato a<\/p>\n","protected":false},"author":2,"featured_media":180260,"comment_status":"closed","ping_status":"closed","sticky":false,"template":"","format":"standard","meta":{"_jetpack_memberships_contains_paid_content":false,"footnotes":""},"categories":[4,1],"tags":[],"class_list":["post-180259","post","type-post","status-publish","format-standard","has-post-thumbnail","hentry","category-politica","category-portada"],"jetpack_featured_media_url":"https:\/\/i0.wp.com\/cdnoticias.com\/wp-content\/uploads\/2025\/08\/cde-1.jpg?fit=1600%2C868&ssl=1","jetpack_sharing_enabled":true,"_links":{"self":[{"href":"https:\/\/cdnoticias.com\/index.php\/wp-json\/wp\/v2\/posts\/180259","targetHints":{"allow":["GET"]}}],"collection":[{"href":"https:\/\/cdnoticias.com\/index.php\/wp-json\/wp\/v2\/posts"}],"about":[{"href":"https:\/\/cdnoticias.com\/index.php\/wp-json\/wp\/v2\/types\/post"}],"author":[{"embeddable":true,"href":"https:\/\/cdnoticias.com\/index.php\/wp-json\/wp\/v2\/users\/2"}],"replies":[{"embeddable":true,"href":"https:\/\/cdnoticias.com\/index.php\/wp-json\/wp\/v2\/comments?post=180259"}],"version-history":[{"count":0,"href":"https:\/\/cdnoticias.com\/index.php\/wp-json\/wp\/v2\/posts\/180259\/revisions"}],"wp:featuredmedia":[{"embeddable":true,"href":"https:\/\/cdnoticias.com\/index.php\/wp-json\/wp\/v2\/media\/180260"}],"wp:attachment":[{"href":"https:\/\/cdnoticias.com\/index.php\/wp-json\/wp\/v2\/media?parent=180259"}],"wp:term":[{"taxonomy":"category","embeddable":true,"href":"https:\/\/cdnoticias.com\/index.php\/wp-json\/wp\/v2\/categories?post=180259"},{"taxonomy":"post_tag","embeddable":true,"href":"https:\/\/cdnoticias.com\/index.php\/wp-json\/wp\/v2\/tags?post=180259"}],"curies":[{"name":"wp","href":"https:\/\/api.w.org\/{rel}","templated":true}]}}