{"id":18024,"date":"2021-04-05T16:31:44","date_gmt":"2021-04-05T19:31:44","guid":{"rendered":"http:\/\/www.centraldenoticias.com.ar\/?p=18024"},"modified":"2021-04-05T18:13:32","modified_gmt":"2021-04-05T21:13:32","slug":"usurpacion-en-barrio-lourdes-pedidos-reuniones-y-asamblea-este-lunes","status":"publish","type":"post","link":"https:\/\/cdnoticias.com\/index.php\/2021\/04\/05\/usurpacion-en-barrio-lourdes-pedidos-reuniones-y-asamblea-este-lunes\/","title":{"rendered":"Usurpaci\u00f3n en Barrio Lourdes: pedidos, reuniones y asamblea este lunes"},"content":{"rendered":"<p>Los hechos datan al menos del mi\u00e9rcoles pasado. Hay cimientos, construcciones y avances. Adem\u00e1s de los terrenos, pidieron la intervenci\u00f3n de un agrimensor. Habr\u00e1 encuentros en el Municipio este martes.\u00a0<!--more--><\/p>\n<hr \/>\n<p>La<a href=\"https:\/\/cdnoticias.com\/index.php\/2021\/04\/05\/denuncian-usurpaciones-en-el-barrio-lourdes-serian-al-menos-12-familias\/\" target=\"_blank\" rel=\"noopener\"> sorpresiva usurpaci\u00f3n de al menos dos manzanas en el barrio Lourdes<\/a> gener\u00f3 una amplia repercusi\u00f3n, relevamientos y promesas de reuni\u00f3n en las pr\u00f3ximas horas. Mientras tanto, <strong>los trabajos avanzan y se pudo observar cimientos, trabajos de limitaci\u00f3n de terrenos y llegada de vecinos que ante el conocimiento de la noticia se acercaron para conocer del tema.<\/strong><\/p>\n<p>&nbsp;<\/p>\n<p><img data-recalc-dims=\"1\" loading=\"lazy\" decoding=\"async\" class=\"alignnone size-full wp-image-18026\" src=\"https:\/\/i0.wp.com\/cdnoticias.com\/wp-content\/uploads\/2021\/04\/usurpa2-cdn.jpg?resize=800%2C533&#038;ssl=1\" alt=\"\" width=\"800\" height=\"533\" srcset=\"https:\/\/i0.wp.com\/cdnoticias.com\/wp-content\/uploads\/2021\/04\/usurpa2-cdn.jpg?w=4608&amp;ssl=1 4608w, https:\/\/i0.wp.com\/cdnoticias.com\/wp-content\/uploads\/2021\/04\/usurpa2-cdn.jpg?resize=300%2C200&amp;ssl=1 300w, https:\/\/i0.wp.com\/cdnoticias.com\/wp-content\/uploads\/2021\/04\/usurpa2-cdn.jpg?resize=768%2C512&amp;ssl=1 768w, https:\/\/i0.wp.com\/cdnoticias.com\/wp-content\/uploads\/2021\/04\/usurpa2-cdn.jpg?resize=1024%2C683&amp;ssl=1 1024w, https:\/\/i0.wp.com\/cdnoticias.com\/wp-content\/uploads\/2021\/04\/usurpa2-cdn.jpg?resize=272%2C182&amp;ssl=1 272w, https:\/\/i0.wp.com\/cdnoticias.com\/wp-content\/uploads\/2021\/04\/usurpa2-cdn.jpg?w=1600&amp;ssl=1 1600w, https:\/\/i0.wp.com\/cdnoticias.com\/wp-content\/uploads\/2021\/04\/usurpa2-cdn.jpg?w=2400&amp;ssl=1 2400w\" sizes=\"auto, (max-width: 800px) 100vw, 800px\" \/><\/p>\n<p>&nbsp;<\/p>\n<p><strong>Los hechos datan, de al menos, el mi\u00e9rcoles pasado.<\/strong> Un hecho puntual gener\u00f3 que vecinos del barrio se organizaran y comenzaran a distribuirse los terrenos. <strong>Las causas son m\u00faltiples: no poder acceder a un lugar propio, falta de respuestas y sobre todas las cosas, la imposibilidad de sostener un alquiler.<\/strong><\/p>\n<p>&nbsp;<\/p>\n<p><iframe loading=\"lazy\" title=\"YouTube video player\" src=\"https:\/\/www.youtube.com\/embed\/F6fwiAf-3uc\" width=\"560\" height=\"315\" frameborder=\"0\" allowfullscreen=\"allowfullscreen\"><\/iframe><\/p>\n<p>&nbsp;<\/p>\n<blockquote><p>Central de Noticias estuvo en el lugar y dialog\u00f3 con algunos de los vecinos. Confirmaron que, en total, son 30 las familias que integran el reclamo.<\/p><\/blockquote>\n<p>&nbsp;<\/p>\n<p>Confirmaron un di\u00e1logo con el Municipio, y la respuesta hasta ahora fue que este martes <strong><em>\u201cse reunir\u00e1n para luego encontrarse con nosotros y adem\u00e1s de escucharnos, ofrecernos una soluci\u00f3n\u201d<\/em> <\/strong>dijo una de las vecinas consultadas.<\/p>\n<p>&nbsp;<\/p>\n<p><img data-recalc-dims=\"1\" loading=\"lazy\" decoding=\"async\" class=\"alignnone size-full wp-image-18023\" src=\"https:\/\/i0.wp.com\/cdnoticias.com\/wp-content\/uploads\/2021\/04\/usurpaciones01.jpg?resize=800%2C445&#038;ssl=1\" alt=\"\" width=\"800\" height=\"445\" srcset=\"https:\/\/i0.wp.com\/cdnoticias.com\/wp-content\/uploads\/2021\/04\/usurpaciones01.jpg?w=800&amp;ssl=1 800w, https:\/\/i0.wp.com\/cdnoticias.com\/wp-content\/uploads\/2021\/04\/usurpaciones01.jpg?resize=300%2C167&amp;ssl=1 300w, https:\/\/i0.wp.com\/cdnoticias.com\/wp-content\/uploads\/2021\/04\/usurpaciones01.jpg?resize=768%2C427&amp;ssl=1 768w\" sizes=\"auto, (max-width: 800px) 100vw, 800px\" \/><\/p>\n<p>&nbsp;<\/p>\n<blockquote><p>Los vecinos, en tanto, se reunir\u00e1n en asamblea a las 20 horas para unificar y organizar los criterios no s\u00f3lo de la toma, sino tambi\u00e9n de los pasos a seguir en el di\u00e1logo con el Municipio.<\/p><\/blockquote>\n<p>&nbsp;<\/p>\n<p>En este sentido, fue contundente al dejar en claro que <strong><em>\u201cahora ya est\u00e1, vamos a construir en estas manzanas que sinceramente son un basural y adem\u00e1s est\u00e1 lleno de escombros, pozos, pero es el \u00fanico lugar que tenemos para tener algo propio\u201d.<\/em><\/strong><\/p>\n<p>&nbsp;<\/p>\n<p><img data-recalc-dims=\"1\" loading=\"lazy\" decoding=\"async\" class=\"alignnone size-full wp-image-18029\" src=\"https:\/\/i0.wp.com\/cdnoticias.com\/wp-content\/uploads\/2021\/04\/usurpa5-cdn.jpg?resize=800%2C533&#038;ssl=1\" alt=\"\" width=\"800\" height=\"533\" srcset=\"https:\/\/i0.wp.com\/cdnoticias.com\/wp-content\/uploads\/2021\/04\/usurpa5-cdn.jpg?w=4608&amp;ssl=1 4608w, https:\/\/i0.wp.com\/cdnoticias.com\/wp-content\/uploads\/2021\/04\/usurpa5-cdn.jpg?resize=300%2C200&amp;ssl=1 300w, https:\/\/i0.wp.com\/cdnoticias.com\/wp-content\/uploads\/2021\/04\/usurpa5-cdn.jpg?resize=768%2C512&amp;ssl=1 768w, https:\/\/i0.wp.com\/cdnoticias.com\/wp-content\/uploads\/2021\/04\/usurpa5-cdn.jpg?resize=1024%2C683&amp;ssl=1 1024w, https:\/\/i0.wp.com\/cdnoticias.com\/wp-content\/uploads\/2021\/04\/usurpa5-cdn.jpg?resize=272%2C182&amp;ssl=1 272w, https:\/\/i0.wp.com\/cdnoticias.com\/wp-content\/uploads\/2021\/04\/usurpa5-cdn.jpg?w=1600&amp;ssl=1 1600w, https:\/\/i0.wp.com\/cdnoticias.com\/wp-content\/uploads\/2021\/04\/usurpa5-cdn.jpg?w=2400&amp;ssl=1 2400w\" sizes=\"auto, (max-width: 800px) 100vw, 800px\" \/><\/p>\n<p>&nbsp;<\/p>\n<p>Incluso,<strong> solicitaron la presencia de un agrimensor<\/strong> que colabore con las mediciones m\u00e1s exactas, como la distancia entre la construcci\u00f3n y la vereda, el lugar para que se cree una calle, entre lo m\u00e1s destacado.<\/p>\n<p>&nbsp;<\/p>\n<p>Fuentes contactadas por este medio confirmaron, a su vez, que <strong>no hay una denuncia formal, y hay custodia preventiva \u201cpara evitar desmanes\u201d.<\/strong> En paralelo, se iniciaron actuaciones de oficio por <em>\u201cpresunta comisi\u00f3n de delito de acci\u00f3n p\u00fablica\u201d<\/em> y por ahora se toman datos de lo que acontece en las \u00faltimas horas.<\/p>\n","protected":false},"excerpt":{"rendered":"<p>Los hechos datan al menos del mi\u00e9rcoles pasado. Hay cimientos, construcciones y avances. Adem\u00e1s de los terrenos, pidieron la intervenci\u00f3n<\/p>\n","protected":false},"author":2,"featured_media":18028,"comment_status":"closed","ping_status":"closed","sticky":false,"template":"","format":"standard","meta":{"_jetpack_memberships_contains_paid_content":false,"footnotes":""},"categories":[5,1],"tags":[],"class_list":["post-18024","post","type-post","status-publish","format-standard","has-post-thumbnail","hentry","category-informacion-general","category-portada"],"jetpack_featured_media_url":"https:\/\/i0.wp.com\/cdnoticias.com\/wp-content\/uploads\/2021\/04\/usurpa4-cdn.jpg?fit=4608%2C3072&ssl=1","jetpack_sharing_enabled":true,"_links":{"self":[{"href":"https:\/\/cdnoticias.com\/index.php\/wp-json\/wp\/v2\/posts\/18024","targetHints":{"allow":["GET"]}}],"collection":[{"href":"https:\/\/cdnoticias.com\/index.php\/wp-json\/wp\/v2\/posts"}],"about":[{"href":"https:\/\/cdnoticias.com\/index.php\/wp-json\/wp\/v2\/types\/post"}],"author":[{"embeddable":true,"href":"https:\/\/cdnoticias.com\/index.php\/wp-json\/wp\/v2\/users\/2"}],"replies":[{"embeddable":true,"href":"https:\/\/cdnoticias.com\/index.php\/wp-json\/wp\/v2\/comments?post=18024"}],"version-history":[{"count":0,"href":"https:\/\/cdnoticias.com\/index.php\/wp-json\/wp\/v2\/posts\/18024\/revisions"}],"wp:featuredmedia":[{"embeddable":true,"href":"https:\/\/cdnoticias.com\/index.php\/wp-json\/wp\/v2\/media\/18028"}],"wp:attachment":[{"href":"https:\/\/cdnoticias.com\/index.php\/wp-json\/wp\/v2\/media?parent=18024"}],"wp:term":[{"taxonomy":"category","embeddable":true,"href":"https:\/\/cdnoticias.com\/index.php\/wp-json\/wp\/v2\/categories?post=18024"},{"taxonomy":"post_tag","embeddable":true,"href":"https:\/\/cdnoticias.com\/index.php\/wp-json\/wp\/v2\/tags?post=18024"}],"curies":[{"name":"wp","href":"https:\/\/api.w.org\/{rel}","templated":true}]}}