{"id":180218,"date":"2025-08-22T11:55:06","date_gmt":"2025-08-22T14:55:06","guid":{"rendered":"https:\/\/cdnoticias.com\/?p=180218"},"modified":"2025-08-22T16:19:58","modified_gmt":"2025-08-22T19:19:58","slug":"el-debate-de-candidatos-a-concejales-sera-transmitido-por-youtube-y-por-radio","status":"publish","type":"post","link":"https:\/\/cdnoticias.com\/index.php\/2025\/08\/22\/el-debate-de-candidatos-a-concejales-sera-transmitido-por-youtube-y-por-radio\/","title":{"rendered":"El Debate de candidatos a concejales ser\u00e1 transmitido por Youtube y por radio"},"content":{"rendered":"\n<p>La emisora FM 107 Moebius, junto a En L\u00ednea Noticias y Central de Noticias, transmitir\u00e1n en directo todo lo que suceda en la FIO. La conducci\u00f3n estar\u00e1 a cargo de Fabricio Lucio y Alexis Grierson.<\/p>\n\n\n\n<hr class=\"wp-block-separator has-alpha-channel-opacity\"\/>\n\n\n\n<p>El pr\u00f3ximo <strong>mi\u00e9rcoles 27 de agosto<\/strong>, la Facultad de Ingenier\u00eda de la UNICEN ser\u00e1 nuevamente el escenario para el debate entre las candidatas y los candidatos a ocupar cargos legislativos en el Gobierno Municipal. <strong>Con una producci\u00f3n que comenzar\u00e1 a las 19 horas, la transmisi\u00f3n en vivo de este importante evento iniciar\u00e1 a las 20 horas bajo el t\u00edtulo &#8220;Olavarr\u00eda. El Debate&#8221;.<\/strong><\/p>\n\n\n\n<p><\/p>\n\n\n\n<p>La emisora<strong> FM 107 Moebius, junto a En L\u00ednea Noticias y Central de Noticias<\/strong>, transmitir\u00e1n en directo todo lo que suceda en la FIO. La conducci\u00f3n estar\u00e1 a cargo de<strong> Fabricio Lucio y Alexis Grierson.<\/strong><\/p>\n\n\n\n<p><\/p>\n\n\n\n<p>Este encuentro, el cuarto que se realiza en las instalaciones de la Facultad de Ingenier\u00eda, se lleva a cabo en el marco de la <strong>Ordenanza N\u00b0 5262\/23, <\/strong>la cual establece la obligatoriedad de los debates preelectorales. El Honorable Concejo Deliberante es la autoridad de aplicaci\u00f3n de esta norma, y la FIO se encargar\u00e1 de instrumentar todas las acciones necesarias para su correcta realizaci\u00f3n.<\/p>\n\n\n\n<p><\/p>\n\n\n\n<blockquote class=\"wp-block-quote is-layout-flow wp-block-quote-is-layout-flow\">\n<p>Durante el debate, la ciudadan\u00eda podr\u00e1 conocer las propuestas de los<strong> nueve espacios pol\u00edticos<\/strong> que se presentan en las elecciones del 7 de septiembre: Partido Libertario, Alianza Potencia, Alianza La Libertad Avanza, Alianza Frente de Izquierda y de los Trabajadores-Unidad, Alianza Fuerza Patria, Alianza Somos Buenos Aires, Alianza Uni\u00f3n Liberal, Alianza Uni\u00f3n y Libertad, y Partido Integrar.<\/p>\n<\/blockquote>\n\n\n\n<p><\/p>\n\n\n\n<p>En estos comicios, se elegir\u00e1n<strong> diez concejales y seis suplentes, as\u00ed como cuatro consejeros escolares titulares y la misma cantidad de suplentes.<\/strong> La Facultad de Ingenier\u00eda de la UNICEN trabajar\u00e1 de forma articulada con los distintos candidatos y agrupaciones para definir los temas a tratar, los tiempos de exposici\u00f3n y r\u00e9plica, y la din\u00e1mica general del debate.<\/p>\n\n\n\n<p><\/p>\n\n\n\n<figure class=\"wp-block-embed is-type-video is-provider-youtube wp-block-embed-youtube wp-embed-aspect-16-9 wp-has-aspect-ratio\"><div class=\"wp-block-embed__wrapper\">\n<iframe loading=\"lazy\" title=\"En Vivo desde la FIO UNICEN: Debate de Candidatos a Concejales 2025\" width=\"800\" height=\"450\" src=\"https:\/\/www.youtube.com\/embed\/jJUCBskzoTk?list=PLMAo7ZHA74ygu5sQlxqH6jZZ5NjKFzZxx\" frameborder=\"0\" allow=\"accelerometer; autoplay; clipboard-write; encrypted-media; gyroscope; picture-in-picture; web-share\" referrerpolicy=\"strict-origin-when-cross-origin\" allowfullscreen><\/iframe>\n<\/div><\/figure>\n","protected":false},"excerpt":{"rendered":"<p>La emisora FM 107 Moebius, junto a En L\u00ednea Noticias y Central de Noticias, transmitir\u00e1n en directo todo lo que<\/p>\n","protected":false},"author":5,"featured_media":180219,"comment_status":"closed","ping_status":"closed","sticky":false,"template":"","format":"standard","meta":{"_jetpack_memberships_contains_paid_content":false,"footnotes":""},"categories":[4,1],"tags":[],"class_list":["post-180218","post","type-post","status-publish","format-standard","has-post-thumbnail","hentry","category-politica","category-portada"],"jetpack_featured_media_url":"https:\/\/i0.wp.com\/cdnoticias.com\/wp-content\/uploads\/2025\/08\/debate-grierson-perez-scotton.png?fit=800%2C445&ssl=1","jetpack_sharing_enabled":true,"_links":{"self":[{"href":"https:\/\/cdnoticias.com\/index.php\/wp-json\/wp\/v2\/posts\/180218","targetHints":{"allow":["GET"]}}],"collection":[{"href":"https:\/\/cdnoticias.com\/index.php\/wp-json\/wp\/v2\/posts"}],"about":[{"href":"https:\/\/cdnoticias.com\/index.php\/wp-json\/wp\/v2\/types\/post"}],"author":[{"embeddable":true,"href":"https:\/\/cdnoticias.com\/index.php\/wp-json\/wp\/v2\/users\/5"}],"replies":[{"embeddable":true,"href":"https:\/\/cdnoticias.com\/index.php\/wp-json\/wp\/v2\/comments?post=180218"}],"version-history":[{"count":0,"href":"https:\/\/cdnoticias.com\/index.php\/wp-json\/wp\/v2\/posts\/180218\/revisions"}],"wp:featuredmedia":[{"embeddable":true,"href":"https:\/\/cdnoticias.com\/index.php\/wp-json\/wp\/v2\/media\/180219"}],"wp:attachment":[{"href":"https:\/\/cdnoticias.com\/index.php\/wp-json\/wp\/v2\/media?parent=180218"}],"wp:term":[{"taxonomy":"category","embeddable":true,"href":"https:\/\/cdnoticias.com\/index.php\/wp-json\/wp\/v2\/categories?post=180218"},{"taxonomy":"post_tag","embeddable":true,"href":"https:\/\/cdnoticias.com\/index.php\/wp-json\/wp\/v2\/tags?post=180218"}],"curies":[{"name":"wp","href":"https:\/\/api.w.org\/{rel}","templated":true}]}}