{"id":180207,"date":"2025-08-22T12:47:59","date_gmt":"2025-08-22T15:47:59","guid":{"rendered":"https:\/\/cdnoticias.com\/?p=180207"},"modified":"2025-08-22T12:48:01","modified_gmt":"2025-08-22T15:48:01","slug":"en-un-emotivo-acto-se-celebraron-los-9-meses-de-neonatologia-integral-del-centro","status":"publish","type":"post","link":"https:\/\/cdnoticias.com\/index.php\/2025\/08\/22\/en-un-emotivo-acto-se-celebraron-los-9-meses-de-neonatologia-integral-del-centro\/","title":{"rendered":"En un emotivo acto se celebraron los 9 meses de \u201cNeonatolog\u00eda Integral del Centro\u201d"},"content":{"rendered":"\n<p>La iniciativa busca articular los efectores de salud p\u00fablico y privado para acercar a la comunidad una respuesta integral.<\/p>\n\n\n\n<hr class=\"wp-block-separator has-alpha-channel-opacity\"\/>\n\n\n\n<p>En la tarde del jueves se desarroll\u00f3 en el Sanatorio Cemeda un acto para celebrar los<strong> 9 meses de funcionamiento de Neonatolog\u00eda Integral del Centro (NIC). <\/strong>El servicio naci\u00f3n a partir de la decisi\u00f3n del intendente Maximiliano Wesner de articular los efectores de salud p\u00fablico y privados.<\/p>\n\n\n\n<p><\/p>\n\n\n\n<p>En <strong>diciembre del 2024 se firm\u00f3 el convenio colaborativo<\/strong> que dio marco a un <strong>modelo de integraci\u00f3n p\u00fablico-privado con rector\u00eda estatal<\/strong>, que se ejecuta adem\u00e1s <strong>en coordinaci\u00f3n con el \u00e1rea de Neonatolog\u00eda del \u201cHospital H. Cura\u201d.<\/strong><\/p>\n\n\n\n<p><\/p>\n\n\n\n<p>Durante el acto, la <strong>doctora Alejandra Capriata, directora del NIC,<\/strong> record\u00f3 que Neonatolog\u00eda Integral del Centro surgi\u00f3 de \u201cun convenio colaborativo entre el Municipio y el Sanatorio Cemeda. Juntamos voluntades, esfuerzo, ambos equipos han trabajado a destajo para llegar con tiempo y forma, y los elementos necesarios para <strong>abrir y ofertar a pacientes de Olavarr\u00eda y la regi\u00f3n, con o sin cobertura, la atenci\u00f3n en alta complejidad de neonatolog\u00eda<\/strong>\u201d.<\/p>\n\n\n\n<p><\/p>\n\n\n\n<figure class=\"wp-block-image size-full\"><img data-recalc-dims=\"1\" loading=\"lazy\" decoding=\"async\" width=\"800\" height=\"445\" src=\"https:\/\/i0.wp.com\/cdnoticias.com\/wp-content\/uploads\/2025\/08\/NEO-NIC-CEMEDA-02.png?resize=800%2C445&#038;ssl=1\" alt=\"\" class=\"wp-image-180211\" srcset=\"https:\/\/i0.wp.com\/cdnoticias.com\/wp-content\/uploads\/2025\/08\/NEO-NIC-CEMEDA-02.png?w=800&amp;ssl=1 800w, https:\/\/i0.wp.com\/cdnoticias.com\/wp-content\/uploads\/2025\/08\/NEO-NIC-CEMEDA-02.png?resize=300%2C167&amp;ssl=1 300w, https:\/\/i0.wp.com\/cdnoticias.com\/wp-content\/uploads\/2025\/08\/NEO-NIC-CEMEDA-02.png?resize=768%2C427&amp;ssl=1 768w\" sizes=\"auto, (max-width: 800px) 100vw, 800px\" \/><\/figure>\n\n\n\n<p><\/p>\n\n\n\n<p>\u201cComo directora quiero agradecer la decisi\u00f3n del intendente de embarcarse en esto, la decisi\u00f3n de Cemeda de entrar en esta jugada tan importante para la comunidad. Hemos juntado personal de enfermer\u00eda de ac\u00e1, del hospital, m\u00e9dicos de todos lados.<strong> Se ha hecho un gran equipo<\/strong>\u201d, concluy\u00f3.<\/p>\n\n\n\n<p><\/p>\n\n\n\n<p>El <strong>doctor Jos\u00e9 Mar\u00eda Larrechea<\/strong>, en representaci\u00f3n del directorio de Cemeda, expres\u00f3 que \u201ccomenzamos trabajos en conjunto, hasta que llegamos a la conformaci\u00f3n de esta neo, que fue una gran decisi\u00f3n del intendente y un trabajo enorme del doctor Fernando Al\u00ed para que esto se concretara. <strong>Hoy estamos festejando estos resultados que hemos tenido<\/strong>\u201d.<\/p>\n\n\n\n<p><\/p>\n\n\n\n<p>La <strong>doctora Florencia Gollinelli, coordinadora del Servicio<\/strong>, indic\u00f3 que \u201ccreo que es una decisi\u00f3n pol\u00edtica. Haber mantenido los puestos de trabajo y haber mantenido un servicio que hac\u00eda 35 a\u00f1os que se manten\u00eda en la ciudad y los agradecemos todos, nosotros, los vecinos, todos. Agradecer a los trabajadores, que son el motor, sin recurso humano es imposible\u201d.<\/p>\n\n\n\n<p><\/p>\n\n\n\n<figure class=\"wp-block-image size-full\"><img data-recalc-dims=\"1\" loading=\"lazy\" decoding=\"async\" width=\"800\" height=\"445\" src=\"https:\/\/i0.wp.com\/cdnoticias.com\/wp-content\/uploads\/2025\/08\/NEO-NIC-CEMEDA-04.png?resize=800%2C445&#038;ssl=1\" alt=\"\" class=\"wp-image-180209\" srcset=\"https:\/\/i0.wp.com\/cdnoticias.com\/wp-content\/uploads\/2025\/08\/NEO-NIC-CEMEDA-04.png?w=800&amp;ssl=1 800w, https:\/\/i0.wp.com\/cdnoticias.com\/wp-content\/uploads\/2025\/08\/NEO-NIC-CEMEDA-04.png?resize=300%2C167&amp;ssl=1 300w, https:\/\/i0.wp.com\/cdnoticias.com\/wp-content\/uploads\/2025\/08\/NEO-NIC-CEMEDA-04.png?resize=768%2C427&amp;ssl=1 768w\" sizes=\"auto, (max-width: 800px) 100vw, 800px\" \/><\/figure>\n\n\n\n<p><\/p>\n\n\n\n<p>En el encuentro, adem\u00e1s de los agradecimientos, tambi\u00e9n hubo momento para la emoci\u00f3n a partir de los<strong> relatos que fueron compartiendo los padres y madres, <\/strong>quienes pusieron en palabras los momentos vividos en ese espacio.<\/p>\n\n\n\n<p><\/p>\n\n\n\n<blockquote class=\"wp-block-quote is-layout-flow wp-block-quote-is-layout-flow\">\n<p>\u201cEscucharlos es emocionante y creo que es un d\u00eda de celebraci\u00f3n, por poder coordinar y pensar el sistema de salud como uno solo. Para nosotros esta articulaci\u00f3n fue fundamental, porque sab\u00edamos que \u00edbamos a dar respuesta y a optimizar a\u00fan m\u00e1s los recursos para toda la comunidad, para la familia, que son los protagonistas que son quienes est\u00e1n ac\u00e1 y que prestan hoy el principal testimonio\u201d, enfatiz\u00f3 el intendente Maximiliano Wesner.<\/p>\n<\/blockquote>\n\n\n\n<p><\/p>\n\n\n\n<figure class=\"wp-block-image size-full\"><img data-recalc-dims=\"1\" loading=\"lazy\" decoding=\"async\" width=\"800\" height=\"445\" src=\"https:\/\/i0.wp.com\/cdnoticias.com\/wp-content\/uploads\/2025\/08\/NEO-NIC-CEMEDA-03.png?resize=800%2C445&#038;ssl=1\" alt=\"\" class=\"wp-image-180210\" srcset=\"https:\/\/i0.wp.com\/cdnoticias.com\/wp-content\/uploads\/2025\/08\/NEO-NIC-CEMEDA-03.png?w=800&amp;ssl=1 800w, https:\/\/i0.wp.com\/cdnoticias.com\/wp-content\/uploads\/2025\/08\/NEO-NIC-CEMEDA-03.png?resize=300%2C167&amp;ssl=1 300w, https:\/\/i0.wp.com\/cdnoticias.com\/wp-content\/uploads\/2025\/08\/NEO-NIC-CEMEDA-03.png?resize=768%2C427&amp;ssl=1 768w\" sizes=\"auto, (max-width: 800px) 100vw, 800px\" \/><\/figure>\n\n\n\n<p><\/p>\n\n\n\n<p>Por \u00faltimo, el intendente de la Olavarr\u00eda expres\u00f3 que \u201cla verdad que estoy muy contento, muy emocionado. Sinceramente recorrer las instalaciones que recorr\u00ed hace meses atr\u00e1s y me dec\u00eda Florencia que ya tenemos carteler\u00eda nueva, tecnolog\u00eda de punta que se sostiene y que se sostuvo, como se sostuvieron los puestos de trabajo, que no es menor. Sinceramente, en un contexto adverso, complejo, donde todo cuesta much\u00edsimo m\u00e1s,<strong> hay un desaf\u00edo enorme que nos uni\u00f3, que lo pusimos sobre la mesa y lo pudimos traer a esta cl\u00ednica, con una relaci\u00f3n que nos encuentra en esta articulaci\u00f3n p\u00fablico-privada, que no tengo no tengo dudas que va a crecer<\/strong>, que no solamente da respuesta a nuestra ciudad, sino que da respuesta a la regi\u00f3n y es una respuesta integral\u201d, concluy\u00f3.<\/p>\n","protected":false},"excerpt":{"rendered":"<p>La iniciativa busca articular los efectores de salud p\u00fablico y privado para acercar a la comunidad una respuesta integral. En<\/p>\n","protected":false},"author":5,"featured_media":180212,"comment_status":"closed","ping_status":"closed","sticky":false,"template":"","format":"standard","meta":{"_jetpack_memberships_contains_paid_content":false,"footnotes":""},"categories":[5,1],"tags":[],"class_list":["post-180207","post","type-post","status-publish","format-standard","has-post-thumbnail","hentry","category-informacion-general","category-portada"],"jetpack_featured_media_url":"https:\/\/i0.wp.com\/cdnoticias.com\/wp-content\/uploads\/2025\/08\/NEO-NIC-CEMEDA-01.png?fit=800%2C445&ssl=1","jetpack_sharing_enabled":true,"_links":{"self":[{"href":"https:\/\/cdnoticias.com\/index.php\/wp-json\/wp\/v2\/posts\/180207","targetHints":{"allow":["GET"]}}],"collection":[{"href":"https:\/\/cdnoticias.com\/index.php\/wp-json\/wp\/v2\/posts"}],"about":[{"href":"https:\/\/cdnoticias.com\/index.php\/wp-json\/wp\/v2\/types\/post"}],"author":[{"embeddable":true,"href":"https:\/\/cdnoticias.com\/index.php\/wp-json\/wp\/v2\/users\/5"}],"replies":[{"embeddable":true,"href":"https:\/\/cdnoticias.com\/index.php\/wp-json\/wp\/v2\/comments?post=180207"}],"version-history":[{"count":0,"href":"https:\/\/cdnoticias.com\/index.php\/wp-json\/wp\/v2\/posts\/180207\/revisions"}],"wp:featuredmedia":[{"embeddable":true,"href":"https:\/\/cdnoticias.com\/index.php\/wp-json\/wp\/v2\/media\/180212"}],"wp:attachment":[{"href":"https:\/\/cdnoticias.com\/index.php\/wp-json\/wp\/v2\/media?parent=180207"}],"wp:term":[{"taxonomy":"category","embeddable":true,"href":"https:\/\/cdnoticias.com\/index.php\/wp-json\/wp\/v2\/categories?post=180207"},{"taxonomy":"post_tag","embeddable":true,"href":"https:\/\/cdnoticias.com\/index.php\/wp-json\/wp\/v2\/tags?post=180207"}],"curies":[{"name":"wp","href":"https:\/\/api.w.org\/{rel}","templated":true}]}}