{"id":1802,"date":"2020-09-18T08:40:26","date_gmt":"2020-09-18T11:40:26","guid":{"rendered":"http:\/\/www.centraldenoticias.com.ar\/?p=1802"},"modified":"2020-09-18T08:40:26","modified_gmt":"2020-09-18T11:40:26","slug":"jorge-fabian-mendez-faa-q-e-p-d","status":"publish","type":"post","link":"https:\/\/cdnoticias.com\/index.php\/2020\/09\/18\/jorge-fabian-mendez-faa-q-e-p-d\/","title":{"rendered":"Jorge Fabi\u00e1n M\u00e9ndez &#8220;Faa&#8221; (Q.E.P.D.)"},"content":{"rendered":"<p>Falleci\u00f3 en La Plata a los 48 a\u00f1os de edad. Su esposa Ver\u00f3nica Zulaica; sus hijos Mat\u00edas, Alejandro, Fabi\u00e1n, William y Adolfina M\u00e9ndez; sus nietas Jazm\u00edn y Solana; sus padres pol\u00edticos Julio Zulaica y M\u00f3nica Herrera; sus hermanos Ver\u00f3nica, Graciela, Claudio y Viviana M\u00e9ndez; sus hermanos pol\u00edticos Valeria, Marcelino, Manuel, Albano, Melania; sus t\u00edos; sus sobrinos; sus primos; su amigo del alma Rolo Duarte y dem\u00e1s deudos participan su fallecimiento.<\/p>\n<p>&nbsp;<\/p>\n<p>Sus restos ser\u00e1n inhumados en el Cementerio Loma de Paz este viernes a las 15.30 horas. Nacido en General Roca (R\u00edo Negro), vecino de barrio San Vicente, aut\u00f3nomo.<\/p>\n","protected":false},"excerpt":{"rendered":"<p>Falleci\u00f3 en La Plata a los 48 a\u00f1os de edad. Su esposa Ver\u00f3nica Zulaica; sus hijos Mat\u00edas, Alejandro, Fabi\u00e1n, William<\/p>\n","protected":false},"author":2,"featured_media":0,"comment_status":"closed","ping_status":"closed","sticky":false,"template":"","format":"standard","meta":{"_jetpack_memberships_contains_paid_content":false,"footnotes":""},"categories":[10],"tags":[],"class_list":["post-1802","post","type-post","status-publish","format-standard","hentry","category-necrologicas"],"jetpack_featured_media_url":"","jetpack_sharing_enabled":true,"_links":{"self":[{"href":"https:\/\/cdnoticias.com\/index.php\/wp-json\/wp\/v2\/posts\/1802","targetHints":{"allow":["GET"]}}],"collection":[{"href":"https:\/\/cdnoticias.com\/index.php\/wp-json\/wp\/v2\/posts"}],"about":[{"href":"https:\/\/cdnoticias.com\/index.php\/wp-json\/wp\/v2\/types\/post"}],"author":[{"embeddable":true,"href":"https:\/\/cdnoticias.com\/index.php\/wp-json\/wp\/v2\/users\/2"}],"replies":[{"embeddable":true,"href":"https:\/\/cdnoticias.com\/index.php\/wp-json\/wp\/v2\/comments?post=1802"}],"version-history":[{"count":0,"href":"https:\/\/cdnoticias.com\/index.php\/wp-json\/wp\/v2\/posts\/1802\/revisions"}],"wp:attachment":[{"href":"https:\/\/cdnoticias.com\/index.php\/wp-json\/wp\/v2\/media?parent=1802"}],"wp:term":[{"taxonomy":"category","embeddable":true,"href":"https:\/\/cdnoticias.com\/index.php\/wp-json\/wp\/v2\/categories?post=1802"},{"taxonomy":"post_tag","embeddable":true,"href":"https:\/\/cdnoticias.com\/index.php\/wp-json\/wp\/v2\/tags?post=1802"}],"curies":[{"name":"wp","href":"https:\/\/api.w.org\/{rel}","templated":true}]}}