{"id":180118,"date":"2025-08-21T18:13:16","date_gmt":"2025-08-21T21:13:16","guid":{"rendered":"https:\/\/cdnoticias.com\/?p=180118"},"modified":"2025-08-21T18:13:33","modified_gmt":"2025-08-21T21:13:33","slug":"quiero-llevar-mi-experiencia-al-concejo-deliberante-para-transformar-la-ciudad","status":"publish","type":"post","link":"https:\/\/cdnoticias.com\/index.php\/2025\/08\/21\/quiero-llevar-mi-experiencia-al-concejo-deliberante-para-transformar-la-ciudad\/","title":{"rendered":"\u201cQuiero llevar mi experiencia al Concejo Deliberante para transformar la ciudad\u201d\u00a0"},"content":{"rendered":"\n<p>As\u00ed lo indic\u00f3 Karina Ostertag, candidata a concejal por el espacio Somos Olavarr\u00eda. Asimismo, manifest\u00f3 que se uni\u00f3 al espacio con el objetivo de trabajar para &#8220;mejorar la vida de los olavarrienses&#8221;.<\/p>\n\n\n\n<hr class=\"wp-block-separator aligncenter has-alpha-channel-opacity\"\/>\n\n\n\n<p>De cara a las <strong>Elecciones Legislativas<\/strong> que se llevar\u00e1n a cabo el pr\u00f3ximo <strong>7 de septiembre <\/strong>en la ciudad,<strong> Karina Ostertag, candidata a concejal por el espacio Somos Olavarr\u00eda<\/strong> expres\u00f3 su objetivo actual y expres\u00f3 las problem\u00e1ticas y necesidades que se repiten en los vecinos olavarrienses. <\/p>\n\n\n\n<p><\/p>\n\n\n\n<p>Ostertag, quien <strong>se desempe\u00f1\u00f3 por 20 a\u00f1os como Directora del Teatro Municipal,<\/strong> se\u00f1al\u00f3 que tom\u00f3 la decisi\u00f3n de incursionar en la pol\u00edtica <strong>\u201cmotivada por el deseo de generar una transformaci\u00f3n y devolver valor a la comunidad\u201d.\u00a0<\/strong><\/p>\n\n\n\n<p><\/p>\n\n\n\n<blockquote class=\"wp-block-quote is-layout-flow wp-block-quote-is-layout-flow\">\n<p>Adem\u00e1s, manifest\u00f3 que se uni\u00f3 al espacio con el objetivo de trabajar para \u201cmejorar la vida de los olavarrienses\u201d.\u00a0A su vez, expres\u00f3 que durante las recorridas que viene llevando adelante junto a integrantes del equipo por diversos barrios y localidades, los vecinos y vecinas les plantean varias problem\u00e1ticas y necesidades que se repiten.\u00a0<\/p>\n<\/blockquote>\n\n\n\n<p><\/p>\n\n\n\n<p>En este sentido, indic\u00f3 que <strong>\u201cla inseguridad y la falta de respuesta ante las denuncias es una de las tem\u00e1ticas que m\u00e1s preocupa a la gente. En el \u00faltimo tiempo, los robos han aumentado considerablemente\u201d.\u00a0<\/strong><\/p>\n\n\n\n<p><\/p>\n\n\n\n<p>Con respecto a la cultura, Ostertag consider\u00f3 que<strong> &#8220;falta much\u00edsima planificaci\u00f3n y que los proyectos que se desarrollan deben sostenerse en el tiempo<\/strong>&#8220;. Asimismo, sostuvo que <strong>&#8220;debe haber m\u00e1s visibilizaci\u00f3n y ponderaci\u00f3n de lo cultural&#8221;. <\/strong><\/p>\n\n\n\n<p><\/p>\n\n\n\n<blockquote class=\"wp-block-quote is-layout-flow wp-block-quote-is-layout-flow\">\n<p>Por otra parte, afirm\u00f3 que \u201cla funci\u00f3n de un concejal va m\u00e1s all\u00e1 de ocupar un cargo. Es un rol de servicio y un nexo entre los vecinos y los distintos espacios de la Municipalidad\u201d.\u00a0<\/p>\n<\/blockquote>\n\n\n\n<p><\/p>\n\n\n\n<p><em>\u201cQuien se desempe\u00f1a como edil, tiene la obligaci\u00f3n de legislar, controlar y supervisar al Poder Ejecutivo y , sobre todo, escuchar las necesidades y demandas de los vecinos\u201d,<\/em> cerr\u00f3 Ostertag. <\/p>\n\n\n\n<p><\/p>\n","protected":false},"excerpt":{"rendered":"<p>As\u00ed lo indic\u00f3 Karina Ostertag, candidata a concejal por el espacio Somos Olavarr\u00eda. Asimismo, manifest\u00f3 que se uni\u00f3 al espacio<\/p>\n","protected":false},"author":6,"featured_media":180123,"comment_status":"closed","ping_status":"closed","sticky":false,"template":"","format":"standard","meta":{"_jetpack_memberships_contains_paid_content":false,"footnotes":""},"categories":[4,1],"tags":[],"class_list":["post-180118","post","type-post","status-publish","format-standard","has-post-thumbnail","hentry","category-politica","category-portada"],"jetpack_featured_media_url":"https:\/\/i0.wp.com\/cdnoticias.com\/wp-content\/uploads\/2025\/08\/ostertag.jpg?fit=900%2C600&ssl=1","jetpack_sharing_enabled":true,"_links":{"self":[{"href":"https:\/\/cdnoticias.com\/index.php\/wp-json\/wp\/v2\/posts\/180118","targetHints":{"allow":["GET"]}}],"collection":[{"href":"https:\/\/cdnoticias.com\/index.php\/wp-json\/wp\/v2\/posts"}],"about":[{"href":"https:\/\/cdnoticias.com\/index.php\/wp-json\/wp\/v2\/types\/post"}],"author":[{"embeddable":true,"href":"https:\/\/cdnoticias.com\/index.php\/wp-json\/wp\/v2\/users\/6"}],"replies":[{"embeddable":true,"href":"https:\/\/cdnoticias.com\/index.php\/wp-json\/wp\/v2\/comments?post=180118"}],"version-history":[{"count":0,"href":"https:\/\/cdnoticias.com\/index.php\/wp-json\/wp\/v2\/posts\/180118\/revisions"}],"wp:featuredmedia":[{"embeddable":true,"href":"https:\/\/cdnoticias.com\/index.php\/wp-json\/wp\/v2\/media\/180123"}],"wp:attachment":[{"href":"https:\/\/cdnoticias.com\/index.php\/wp-json\/wp\/v2\/media?parent=180118"}],"wp:term":[{"taxonomy":"category","embeddable":true,"href":"https:\/\/cdnoticias.com\/index.php\/wp-json\/wp\/v2\/categories?post=180118"},{"taxonomy":"post_tag","embeddable":true,"href":"https:\/\/cdnoticias.com\/index.php\/wp-json\/wp\/v2\/tags?post=180118"}],"curies":[{"name":"wp","href":"https:\/\/api.w.org\/{rel}","templated":true}]}}