{"id":180082,"date":"2025-08-21T12:00:18","date_gmt":"2025-08-21T15:00:18","guid":{"rendered":"https:\/\/cdnoticias.com\/?p=180082"},"modified":"2025-08-21T12:00:20","modified_gmt":"2025-08-21T15:00:20","slug":"el-quinteto-de-vientos-de-olavarria-actuara-este-domingo","status":"publish","type":"post","link":"https:\/\/cdnoticias.com\/index.php\/2025\/08\/21\/el-quinteto-de-vientos-de-olavarria-actuara-este-domingo\/","title":{"rendered":"El Quinteto de Vientos de Olavarr\u00eda actuar\u00e1 este domingo"},"content":{"rendered":"<p>Con \u201cGrandes cl\u00e1sicos de la m\u00fasica universal\u201d estar\u00e1n desde las 18 en la Parroquia Nuestra Se\u00f1ora de Luj\u00e1n. La entrada es libre y gratuita.<!--more--><\/p>\n<hr \/>\n<p>El <strong>Quinteto de Vientos de Olavarr\u00eda<\/strong> anunci\u00f3 que <strong>este domingo actuar\u00e1 en la Parroquia Nuestra Se\u00f1ora de Luj\u00e1n.<\/strong><\/p>\n<blockquote><p>Ofrecer\u00e1 el recital \u201cGrandes cl\u00e1sicos de la m\u00fasica universal\u201d con obras de Mozart, Haydn y Beethoven.<\/p><\/blockquote>\n<p>Comenzar\u00e1<strong> a las 18 horas<\/strong> en la sede de \u00c1lvaro Barros 3960 con <strong>entrada libre y gratuita<\/strong>.<\/p>\n","protected":false},"excerpt":{"rendered":"<p>Con \u201cGrandes cl\u00e1sicos de la m\u00fasica universal\u201d estar\u00e1n desde las 18 en la Parroquia Nuestra Se\u00f1ora de Luj\u00e1n. La entrada<\/p>\n","protected":false},"author":4,"featured_media":113862,"comment_status":"closed","ping_status":"closed","sticky":false,"template":"","format":"standard","meta":{"_jetpack_memberships_contains_paid_content":false,"footnotes":""},"categories":[9,1],"tags":[],"class_list":["post-180082","post","type-post","status-publish","format-standard","has-post-thumbnail","hentry","category-cultura","category-portada"],"jetpack_featured_media_url":"https:\/\/i0.wp.com\/cdnoticias.com\/wp-content\/uploads\/2024\/04\/quinteto-de-vientos-de-olavarria.jpg?fit=800%2C445&ssl=1","jetpack_sharing_enabled":true,"_links":{"self":[{"href":"https:\/\/cdnoticias.com\/index.php\/wp-json\/wp\/v2\/posts\/180082","targetHints":{"allow":["GET"]}}],"collection":[{"href":"https:\/\/cdnoticias.com\/index.php\/wp-json\/wp\/v2\/posts"}],"about":[{"href":"https:\/\/cdnoticias.com\/index.php\/wp-json\/wp\/v2\/types\/post"}],"author":[{"embeddable":true,"href":"https:\/\/cdnoticias.com\/index.php\/wp-json\/wp\/v2\/users\/4"}],"replies":[{"embeddable":true,"href":"https:\/\/cdnoticias.com\/index.php\/wp-json\/wp\/v2\/comments?post=180082"}],"version-history":[{"count":0,"href":"https:\/\/cdnoticias.com\/index.php\/wp-json\/wp\/v2\/posts\/180082\/revisions"}],"wp:featuredmedia":[{"embeddable":true,"href":"https:\/\/cdnoticias.com\/index.php\/wp-json\/wp\/v2\/media\/113862"}],"wp:attachment":[{"href":"https:\/\/cdnoticias.com\/index.php\/wp-json\/wp\/v2\/media?parent=180082"}],"wp:term":[{"taxonomy":"category","embeddable":true,"href":"https:\/\/cdnoticias.com\/index.php\/wp-json\/wp\/v2\/categories?post=180082"},{"taxonomy":"post_tag","embeddable":true,"href":"https:\/\/cdnoticias.com\/index.php\/wp-json\/wp\/v2\/tags?post=180082"}],"curies":[{"name":"wp","href":"https:\/\/api.w.org\/{rel}","templated":true}]}}