{"id":180051,"date":"2025-08-21T08:24:30","date_gmt":"2025-08-21T11:24:30","guid":{"rendered":"https:\/\/cdnoticias.com\/?p=180051"},"modified":"2025-08-21T08:24:32","modified_gmt":"2025-08-21T11:24:32","slug":"un-semaforo-de-la-ciudad-quedo-fuera-de-servicio","status":"publish","type":"post","link":"https:\/\/cdnoticias.com\/index.php\/2025\/08\/21\/un-semaforo-de-la-ciudad-quedo-fuera-de-servicio\/","title":{"rendered":"Un sem\u00e1foro de la ciudad qued\u00f3 fuera de servicio"},"content":{"rendered":"\n<p>El imperfecto se ocasion\u00f3 por el viento. Se indic\u00f3 que se est\u00e1 trabajando en su reparaci\u00f3n y se pidi\u00f3 precauci\u00f3n al circular.&nbsp;<\/p>\n\n\n\n<hr class=\"wp-block-separator aligncenter has-alpha-channel-opacity\"\/>\n\n\n\n<p>Desde el Municipio se inform\u00f3 que<strong> hasta ma\u00f1ana al mediod\u00eda permanecer\u00e1 fuera de servicio el sem\u00e1foro<\/strong> ubicado en <strong>Sarmiento y Lamadrid.\u00a0<\/strong><\/p>\n\n\n\n<p><\/p>\n\n\n\n<blockquote class=\"wp-block-quote is-layout-flow wp-block-quote-is-layout-flow\">\n<p>Se indic\u00f3 que el sem\u00e1foro no funciona debido a un desperfecto ocasionado por el viento y que se est\u00e1 trabajando en su reparaci\u00f3n.\u00a0<\/p>\n<\/blockquote>\n\n\n\n<p><\/p>\n\n\n\n<p>Por \u00faltimo<strong> se solicit\u00f3 circular con precauci\u00f3n <\/strong>en la zona.<\/p>\n\n\n\n<p><\/p>\n","protected":false},"excerpt":{"rendered":"<p>El imperfecto se ocasion\u00f3 por el viento. Se indic\u00f3 que se est\u00e1 trabajando en su reparaci\u00f3n y se pidi\u00f3 precauci\u00f3n<\/p>\n","protected":false},"author":6,"featured_media":180059,"comment_status":"closed","ping_status":"closed","sticky":false,"template":"","format":"standard","meta":{"_jetpack_memberships_contains_paid_content":false,"footnotes":""},"categories":[5,1],"tags":[],"class_list":["post-180051","post","type-post","status-publish","format-standard","has-post-thumbnail","hentry","category-informacion-general","category-portada"],"jetpack_featured_media_url":"https:\/\/i0.wp.com\/cdnoticias.com\/wp-content\/uploads\/2025\/08\/sarmiento-y-lamadrid.jpg?fit=800%2C445&ssl=1","jetpack_sharing_enabled":true,"_links":{"self":[{"href":"https:\/\/cdnoticias.com\/index.php\/wp-json\/wp\/v2\/posts\/180051","targetHints":{"allow":["GET"]}}],"collection":[{"href":"https:\/\/cdnoticias.com\/index.php\/wp-json\/wp\/v2\/posts"}],"about":[{"href":"https:\/\/cdnoticias.com\/index.php\/wp-json\/wp\/v2\/types\/post"}],"author":[{"embeddable":true,"href":"https:\/\/cdnoticias.com\/index.php\/wp-json\/wp\/v2\/users\/6"}],"replies":[{"embeddable":true,"href":"https:\/\/cdnoticias.com\/index.php\/wp-json\/wp\/v2\/comments?post=180051"}],"version-history":[{"count":0,"href":"https:\/\/cdnoticias.com\/index.php\/wp-json\/wp\/v2\/posts\/180051\/revisions"}],"wp:featuredmedia":[{"embeddable":true,"href":"https:\/\/cdnoticias.com\/index.php\/wp-json\/wp\/v2\/media\/180059"}],"wp:attachment":[{"href":"https:\/\/cdnoticias.com\/index.php\/wp-json\/wp\/v2\/media?parent=180051"}],"wp:term":[{"taxonomy":"category","embeddable":true,"href":"https:\/\/cdnoticias.com\/index.php\/wp-json\/wp\/v2\/categories?post=180051"},{"taxonomy":"post_tag","embeddable":true,"href":"https:\/\/cdnoticias.com\/index.php\/wp-json\/wp\/v2\/tags?post=180051"}],"curies":[{"name":"wp","href":"https:\/\/api.w.org\/{rel}","templated":true}]}}