{"id":18002,"date":"2021-04-05T19:03:11","date_gmt":"2021-04-05T22:03:11","guid":{"rendered":"http:\/\/www.centraldenoticias.com.ar\/?p=18002"},"modified":"2021-04-05T20:04:19","modified_gmt":"2021-04-05T23:04:19","slug":"una-semana-record-de-testeos-en-olavarria-y-los-casos-siguen-en-ascenso","status":"publish","type":"post","link":"https:\/\/cdnoticias.com\/index.php\/2021\/04\/05\/una-semana-record-de-testeos-en-olavarria-y-los-casos-siguen-en-ascenso\/","title":{"rendered":"Una semana r\u00e9cord de testeos en Olavarr\u00eda y los casos siguen en ascenso"},"content":{"rendered":"<p>La semana pasada tambi\u00e9n se super\u00f3 el m\u00e1ximo de casos positivos. Este lunes ya adelanta que la tendencia continuar\u00e1: m\u00e1s de 350 hisopados en el Hospital. El panorama bonaerense.<!--more--><\/p>\n<hr \/>\n<p><strong>Josefina Bargas<\/strong>\u00a0\/ <a href=\"https:\/\/twitter.com\/JosefinaB\" target=\"_blank\" rel=\"noopener\">@JosefinaB<\/a><\/p>\n<p><em>(del staff de Central de Noticias)<\/em><\/p>\n<p>&nbsp;<\/p>\n<p><strong>La tendencia al aumento de casos de Covid en Olavarr\u00eda no se detiene y el inicio de la actual ya lo confirma<\/strong>. El secretario de Salud municipal, Germ\u00e1n Caputo, indic\u00f3 que<strong> en la ma\u00f1ana de este lunes se realizaron m\u00e1s de 350 hisopados en el Hospital Municipal<\/strong>.<\/p>\n<p>&nbsp;<\/p>\n<blockquote><p>Vale recordar que el intendente<a href=\"https:\/\/cdnoticias.com\/index.php\/2021\/04\/05\/el-intendente-convoco-a-una-conferencia-de-prensa\/\" target=\"_blank\" rel=\"noopener\"> convoc\u00f3 a una conferencia de prensa para este lunes a las 20<\/a>, que ser\u00e1 transmitida a trav\u00e9s de nuestras redes sociales<\/p><\/blockquote>\n<p>&nbsp;<\/p>\n<p>Se trata de los testeos diarios que se realizan en el centro de salud por la ma\u00f1ana y, a partir de las 10<a href=\"https:\/\/cdnoticias.com\/index.php\/2021\/04\/05\/rta-a-la-masiva-asistencia-del-hospital-hubo-cuadras-de-cola-en-el-paseo-de-la-salud\/\"> se realiz\u00f3 el programa RTA<\/a> en el Paseo de la Salud con, nuevamente, larga cola de asistentes.<\/p>\n<p>&nbsp;<\/p>\n<p>En todos los casos, se toman muestran y atienden personas con s\u00edntomas compatibles con la enfermedad.<\/p>\n<p><img data-recalc-dims=\"1\" loading=\"lazy\" decoding=\"async\" class=\"aligncenter wp-image-17992 size-large\" src=\"https:\/\/i0.wp.com\/cdnoticias.com\/wp-content\/uploads\/2021\/04\/rta-testeos-lunes-cdn3.jpg?resize=800%2C600&#038;ssl=1\" alt=\"\" width=\"800\" height=\"600\" srcset=\"https:\/\/i0.wp.com\/cdnoticias.com\/wp-content\/uploads\/2021\/04\/rta-testeos-lunes-cdn3.jpg?resize=1024%2C768&amp;ssl=1 1024w, https:\/\/i0.wp.com\/cdnoticias.com\/wp-content\/uploads\/2021\/04\/rta-testeos-lunes-cdn3.jpg?resize=300%2C225&amp;ssl=1 300w, https:\/\/i0.wp.com\/cdnoticias.com\/wp-content\/uploads\/2021\/04\/rta-testeos-lunes-cdn3.jpg?resize=768%2C576&amp;ssl=1 768w, https:\/\/i0.wp.com\/cdnoticias.com\/wp-content\/uploads\/2021\/04\/rta-testeos-lunes-cdn3.jpg?w=1152&amp;ssl=1 1152w\" sizes=\"auto, (max-width: 800px) 100vw, 800px\" \/><\/p>\n<p>&nbsp;<\/p>\n<p><strong>R\u00e9cord de testeos<\/strong><\/p>\n<p>&nbsp;<\/p>\n<p>La semana pasada tuvo el <a href=\"https:\/\/cdnoticias.com\/index.php\/2021\/03\/31\/covid-record-de-testeos-este-miercoles\/\">r\u00e9cord diario de testeos<\/a> en un d\u00eda:<strong> 442 el mi\u00e9rcoles<\/strong>, tal como se inform\u00f3, de los cuales <a href=\"https:\/\/cdnoticias.com\/index.php\/2021\/03\/31\/se-detectaron-mas-de-130-positivos-y-olavarria-tiene-cerca-de-700-casos-activos\/\">quedaron 432 en el parte oficial del d\u00eda<\/a>.<\/p>\n<p>&nbsp;<\/p>\n<p>Igualmente,<strong> cada jornada de la semana epidemiol\u00f3gica 13 (del 28 de marzo al 3 de abril de 2021) en Olavarr\u00eda mostr\u00f3 alta cantidad de muestras realizadas<\/strong>.<\/p>\n<p>&nbsp;<\/p>\n<blockquote><p>Con ello, la semana dej\u00f3 en total 2.074 testeos realizados en total y fue el r\u00e9cord semanal desde el inicio de la pandemia en Olavarr\u00eda. La marca principal anterior se hab\u00eda registrado en la semana 44 del a\u00f1o pasado (del 25 al 31 de octubre de 2020) cuando se contabilizaron 1.317 testeos.<\/p><\/blockquote>\n<p>&nbsp;<\/p>\n<p>A su vez, <strong>se detectaron en total 734 casos positivos y tambi\u00e9n implic\u00f3 la superaci\u00f3n del m\u00e1ximo local<\/strong>, aunque por muy poco. El pico semanal anterior se hab\u00eda marcado en la SE 43 de 2020 (del 18 de octubre al 24 de octubre) y alcanz\u00f3 732 casos positivos.<\/p>\n<p><iframe style=\"width: 100%; height: 600px;\" title=\"Interactive or visual content\" src=\"https:\/\/flo.uri.sh\/visualisation\/5766781\/embed\" frameborder=\"0\" scrolling=\"no\" sandbox=\"allow-same-origin allow-forms allow-scripts allow-downloads allow-popups allow-popups-to-escape-sandbox allow-top-navigation-by-user-activation\"><\/iframe><\/p>\n<div style=\"width: 100%!; margin-top: 4px!important; text-align: right!important;\"><a class=\"flourish-credit\" style=\"text-decoration: none!important;\" href=\"https:\/\/public.flourish.studio\/visualisation\/5766781\/?utm_source=embed&amp;utm_campaign=visualisation\/5766781\" target=\"_top\"><img decoding=\"async\" style=\"width: 105px!important; height: 16px!important; border: none!important; margin: 0!important;\" src=\"https:\/\/public.flourish.studio\/resources\/made_with_flourish.svg\" alt=\"Made with Flourish\" \/> <\/a><\/div>\n<p><strong>Indicadores de riesgo<\/strong><\/p>\n<p>&nbsp;<\/p>\n<p>M\u00e1s all\u00e1 de que la cantidad de testeos fue r\u00e9cord en Olavarr\u00eda,<strong> la semana pasada nuevamente volvi\u00f3 a subir la positividad: se ubic\u00f3 en 35,4%<\/strong>, cinco puntos m\u00e1s que la semana anterior. En este punto cabe recordar que <a href=\"https:\/\/cdnoticias.com\/index.php\/2021\/02\/22\/covid-rta-clave-en-la-baja-de-la-positividad\/\" target=\"_blank\" rel=\"noopener\">la recomendaci\u00f3n de la Organizaci\u00f3n Mundial de la Salud es que se ubique en torno del 10%<\/a>.<\/p>\n<p>&nbsp;<\/p>\n<p>A su vez, <strong>los \u00edndices epidemiol\u00f3gicos<\/strong> que<a href=\"https:\/\/cdnoticias.com\/index.php\/2021\/03\/29\/covid-olavarria-entre-los-distritos-con-mayor-riesgo\/\" target=\"_blank\" rel=\"noopener\"> marc\u00f3 la ministra de Salud nacional, Carla Vizzotti<\/a>, para se\u00f1alar las zonas de mayor riesgo sanitario en el pa\u00eds, <strong>en Olavarr\u00eda empeoraron la semana pasada.<\/strong><\/p>\n<p>&nbsp;<\/p>\n<blockquote><p>La raz\u00f3n de los casos -el cociente entre el n\u00famero de casos confirmados acumulados en los \u00faltimos 14 d\u00edas y el n\u00famero de casos confirmados acumulados en los 14 d\u00edas previos- se ubic\u00f3 en 3,5 en la semana 13 en Olavarr\u00eda. Se estableci\u00f3 que no debe ser superior a 1.20.<\/p><\/blockquote>\n<p>&nbsp;<\/p>\n<p>En tanto, <strong>la tasa de incidencia -casos confirmados acumulados en los \u00faltimos 14 d\u00edas cada 100.000 habitantes- lleg\u00f3 a m\u00e1s de 908,8 en Olavarr\u00eda<\/strong>. Se fij\u00f3 el m\u00e1ximo en 150.<\/p>\n<p><iframe style=\"width: 100%; height: 600px;\" title=\"Interactive or visual content\" src=\"https:\/\/flo.uri.sh\/visualisation\/5767129\/embed\" frameborder=\"0\" scrolling=\"no\" sandbox=\"allow-same-origin allow-forms allow-scripts allow-downloads allow-popups allow-popups-to-escape-sandbox allow-top-navigation-by-user-activation\"><\/iframe><\/p>\n<div style=\"width: 100%!; margin-top: 4px!important; text-align: right!important;\"><a class=\"flourish-credit\" style=\"text-decoration: none!important;\" href=\"https:\/\/public.flourish.studio\/visualisation\/5767129\/?utm_source=embed&amp;utm_campaign=visualisation\/5767129\" target=\"_top\"><img decoding=\"async\" style=\"width: 105px!important; height: 16px!important; border: none!important; margin: 0!important;\" src=\"https:\/\/public.flourish.studio\/resources\/made_with_flourish.svg\" alt=\"Made with Flourish\" \/> <\/a><\/div>\n<p><strong>Marzo<\/strong><\/p>\n<p>&nbsp;<\/p>\n<p><strong>El mes de marzo tuvo un aumento de 140% de casos confirmados<\/strong> en la comparativa con febrero en Olavarr\u00eda.<\/p>\n<p>&nbsp;<\/p>\n<p>Mientras en el tercer mes del a\u00f1o <strong>se confirmaron 1.257 nuevos casos de Covid<\/strong>, en febrero se hab\u00eda detectado 521 casos.<\/p>\n<p>&nbsp;<\/p>\n<p>En cuanto a las altas, en marzo 657 pacientes se consideraron curados en marzo y 548 en febrero.<\/p>\n<p>&nbsp;<\/p>\n<p>En tanto, los registros de fallecimientos fueron similares en cada mes: 15 pacientes con Covid murieron en marzo mientras que 14 fueron en febrero.<\/p>\n<p>&nbsp;<\/p>\n<blockquote><p>Los testeos tambi\u00e9n registraron una alta diferencia de mes a mes, aunque no tanto como los casos positivos.\u00a0En febrero se hicieron 2.470 tests mientras que en marzo fueron 4.309: 74% m\u00e1s.<\/p><\/blockquote>\n<p><iframe style=\"width: 100%; height: 600px;\" title=\"Interactive or visual content\" src=\"https:\/\/flo.uri.sh\/visualisation\/5767414\/embed\" frameborder=\"0\" scrolling=\"no\" sandbox=\"allow-same-origin allow-forms allow-scripts allow-downloads allow-popups allow-popups-to-escape-sandbox allow-top-navigation-by-user-activation\"><\/iframe><\/p>\n<div style=\"width: 100%!; margin-top: 4px!important; text-align: right!important;\"><a class=\"flourish-credit\" style=\"text-decoration: none!important;\" href=\"https:\/\/public.flourish.studio\/visualisation\/5767414\/?utm_source=embed&amp;utm_campaign=visualisation\/5767414\" target=\"_top\"><img decoding=\"async\" style=\"width: 105px!important; height: 16px!important; border: none!important; margin: 0!important;\" src=\"https:\/\/public.flourish.studio\/resources\/made_with_flourish.svg\" alt=\"Made with Flourish\" \/> <\/a><\/div>\n<p><strong>Panorama bonaerense<\/strong><\/p>\n<p>&nbsp;<\/p>\n<p><strong>Los contagios de coronavirus pegaron otro salto en la provincia de Buenos Aires y en la \u00faltima semana se registraron unos 6 mil en el promedio diario<\/strong>, un n\u00famero r\u00e9cord desde que se inici\u00f3 la pandemia en nuestro pa\u00eds.<\/p>\n<p>&nbsp;<\/p>\n<blockquote><p>\u201cEsta semana tuvimos r\u00e9cord de casos en nuestra provincia desde el comienzo de la pandemia. Tenemos que reducir la circulaci\u00f3n, asegurar el distanciamiento, ventilar ambientes, fortalecer los cuidados y evitar los contagios, mientras continuamos vacunando a todo vapor\u201d, indic\u00f3 el jefe de Gabinete bonaerense, Carlos Bianco.<\/p><\/blockquote>\n<p>&nbsp;<\/p>\n<p><strong>Los casos subieron en la provincia por sexta semana consecutiva<\/strong>. Ahora, pasaron en el promedio diario de 4.125 (entre el 22 y el 28 de marzo) a 6.020 (entre el 29 de marzo y el 4 de abril).<\/p>\n<p>&nbsp;<\/p>\n<blockquote class=\"twitter-tweet\">\n<p dir=\"ltr\" lang=\"es\">Informe diario de la situaci\u00f3n del <a href=\"https:\/\/twitter.com\/hashtag\/coronavirus?src=hash&amp;ref_src=twsrc%5Etfw\">#coronavirus<\/a> en la Provincia de Buenos Aires al d\u00eda 5 de abril. Presentamos la Sala de Situaci\u00f3n COVID19 de <a href=\"https:\/\/twitter.com\/BAProvincia?ref_src=twsrc%5Etfw\">@BAProvincia<\/a> y la informaci\u00f3n sobre la vacunaci\u00f3n.<br \/>\n\ud83d\udc47<a href=\"https:\/\/t.co\/dEAvGEzc0Z\">https:\/\/t.co\/dEAvGEzc0Z<\/a> <a href=\"https:\/\/t.co\/vS2qgcMnMI\">pic.twitter.com\/vS2qgcMnMI<\/a><\/p>\n<p>\u2014 SaludBAP (@SaludBAP) <a href=\"https:\/\/twitter.com\/SaludBAP\/status\/1379041654515056642?ref_src=twsrc%5Etfw\">April 5, 2021<\/a><\/p><\/blockquote>\n<p><script async src=\"https:\/\/platform.twitter.com\/widgets.js\" charset=\"utf-8\"><\/script><br \/>\n<strong>El mayor crecimiento de infecciones se dio en el conurbano<\/strong>. All\u00ed, a pesar de los feriados de Semana Santa, se contabilizaron 5.160 contagios durante los \u00faltimos d\u00edas (la semana anterior hab\u00edan sido 3.450). En el interior tambi\u00e9n siguen creciendo: pasaron de 664 a 848.<\/p>\n<p>&nbsp;<\/p>\n<blockquote><p>El primer \u201cpico\u201d de casos en la provincia se registr\u00f3 entre el 24 y el 31 de agosto de 2020, cuando llegaron a 5.845 en promedio diario. Despu\u00e9s, los mismos fueron bajando lentamente y en la semana del 7 al 13 de diciembre tocaron un \u201cpiso\u201d de 1.365.<\/p><\/blockquote>\n<p>&nbsp;<\/p>\n<p>En el marco de las fiestas de fin de a\u00f1o, los contagios volvieron a subir r\u00e1pidamente y llegaron a los 4.510 diarios, entre el 4 y el 10 de enero. A partir de ah\u00ed, se tomaron algunas medidas restrictivas (vinculadas al horario nocturno) y volvieron a bajar de manera lenta hasta alcanzar los 2.325 diarios en la semana del 15 al 21 de febrero. Desde esa fecha hasta hoy se fueron incrementando.<\/p>\n","protected":false},"excerpt":{"rendered":"<p>La semana pasada tambi\u00e9n se super\u00f3 el m\u00e1ximo de casos positivos. Este lunes ya adelanta que la tendencia continuar\u00e1: m\u00e1s<\/p>\n","protected":false},"author":4,"featured_media":18004,"comment_status":"closed","ping_status":"closed","sticky":false,"template":"","format":"standard","meta":{"_jetpack_memberships_contains_paid_content":false,"footnotes":""},"categories":[5,1],"tags":[],"class_list":["post-18002","post","type-post","status-publish","format-standard","has-post-thumbnail","hentry","category-informacion-general","category-portada"],"jetpack_featured_media_url":"https:\/\/i0.wp.com\/cdnoticias.com\/wp-content\/uploads\/2021\/04\/covid-datos-tapa.jpg?fit=800%2C445&ssl=1","jetpack_sharing_enabled":true,"_links":{"self":[{"href":"https:\/\/cdnoticias.com\/index.php\/wp-json\/wp\/v2\/posts\/18002","targetHints":{"allow":["GET"]}}],"collection":[{"href":"https:\/\/cdnoticias.com\/index.php\/wp-json\/wp\/v2\/posts"}],"about":[{"href":"https:\/\/cdnoticias.com\/index.php\/wp-json\/wp\/v2\/types\/post"}],"author":[{"embeddable":true,"href":"https:\/\/cdnoticias.com\/index.php\/wp-json\/wp\/v2\/users\/4"}],"replies":[{"embeddable":true,"href":"https:\/\/cdnoticias.com\/index.php\/wp-json\/wp\/v2\/comments?post=18002"}],"version-history":[{"count":0,"href":"https:\/\/cdnoticias.com\/index.php\/wp-json\/wp\/v2\/posts\/18002\/revisions"}],"wp:featuredmedia":[{"embeddable":true,"href":"https:\/\/cdnoticias.com\/index.php\/wp-json\/wp\/v2\/media\/18004"}],"wp:attachment":[{"href":"https:\/\/cdnoticias.com\/index.php\/wp-json\/wp\/v2\/media?parent=18002"}],"wp:term":[{"taxonomy":"category","embeddable":true,"href":"https:\/\/cdnoticias.com\/index.php\/wp-json\/wp\/v2\/categories?post=18002"},{"taxonomy":"post_tag","embeddable":true,"href":"https:\/\/cdnoticias.com\/index.php\/wp-json\/wp\/v2\/tags?post=18002"}],"curies":[{"name":"wp","href":"https:\/\/api.w.org\/{rel}","templated":true}]}}