{"id":179994,"date":"2025-08-20T12:19:36","date_gmt":"2025-08-20T15:19:36","guid":{"rendered":"https:\/\/cdnoticias.com\/?p=179994"},"modified":"2025-08-20T12:19:39","modified_gmt":"2025-08-20T15:19:39","slug":"norma-raquel-balquinta-viuda-de-zabala-q-e-p-d","status":"publish","type":"post","link":"https:\/\/cdnoticias.com\/index.php\/2025\/08\/20\/norma-raquel-balquinta-viuda-de-zabala-q-e-p-d\/","title":{"rendered":"Norma Raquel Balquinta viuda de Zabala (Q.E.P.D.)"},"content":{"rendered":"<p>Falleci\u00f3 en Olavarr\u00eda el 20 de agosto de 2025 a los 79 a\u00f1os.<\/p>\n<p>Sus hijas Norma, Silvia, Martina, Marcela y Laura. Sus hijos pol\u00edticos, nietos, bisnietos, hermanos y dem\u00e1s deudos participan su fallecimiento.<\/p>\n<p>Sus restos ser\u00e1n velados en la Sala de Espa\u00f1a 2942 departamento \u201cD\u201d desde las 12:30 horas y ser\u00e1n inhumados en el Cementerio Loma de Paz este jueves 21 de agosto a las 09:30 horas. Servicio adherido a Coopelectric.<\/p>\n<p>Nacida en Chillar, vecina de barrio UTA, jubilada.<\/p>\n","protected":false},"excerpt":{"rendered":"<p>Falleci\u00f3 en Olavarr\u00eda el 20 de agosto de 2025 a los 79 a\u00f1os. Sus hijas Norma, Silvia, Martina, Marcela y<\/p>\n","protected":false},"author":4,"featured_media":51544,"comment_status":"closed","ping_status":"closed","sticky":false,"template":"","format":"standard","meta":{"_jetpack_memberships_contains_paid_content":false,"footnotes":""},"categories":[10],"tags":[],"class_list":["post-179994","post","type-post","status-publish","format-standard","has-post-thumbnail","hentry","category-necrologicas"],"jetpack_featured_media_url":"https:\/\/i0.wp.com\/cdnoticias.com\/wp-content\/uploads\/2022\/04\/necrologicas-390-x-240.jpg?fit=390%2C240&ssl=1","jetpack_sharing_enabled":true,"_links":{"self":[{"href":"https:\/\/cdnoticias.com\/index.php\/wp-json\/wp\/v2\/posts\/179994","targetHints":{"allow":["GET"]}}],"collection":[{"href":"https:\/\/cdnoticias.com\/index.php\/wp-json\/wp\/v2\/posts"}],"about":[{"href":"https:\/\/cdnoticias.com\/index.php\/wp-json\/wp\/v2\/types\/post"}],"author":[{"embeddable":true,"href":"https:\/\/cdnoticias.com\/index.php\/wp-json\/wp\/v2\/users\/4"}],"replies":[{"embeddable":true,"href":"https:\/\/cdnoticias.com\/index.php\/wp-json\/wp\/v2\/comments?post=179994"}],"version-history":[{"count":0,"href":"https:\/\/cdnoticias.com\/index.php\/wp-json\/wp\/v2\/posts\/179994\/revisions"}],"wp:featuredmedia":[{"embeddable":true,"href":"https:\/\/cdnoticias.com\/index.php\/wp-json\/wp\/v2\/media\/51544"}],"wp:attachment":[{"href":"https:\/\/cdnoticias.com\/index.php\/wp-json\/wp\/v2\/media?parent=179994"}],"wp:term":[{"taxonomy":"category","embeddable":true,"href":"https:\/\/cdnoticias.com\/index.php\/wp-json\/wp\/v2\/categories?post=179994"},{"taxonomy":"post_tag","embeddable":true,"href":"https:\/\/cdnoticias.com\/index.php\/wp-json\/wp\/v2\/tags?post=179994"}],"curies":[{"name":"wp","href":"https:\/\/api.w.org\/{rel}","templated":true}]}}