{"id":179991,"date":"2025-08-20T16:36:54","date_gmt":"2025-08-20T19:36:54","guid":{"rendered":"https:\/\/cdnoticias.com\/?p=179991"},"modified":"2025-08-24T11:18:17","modified_gmt":"2025-08-24T14:18:17","slug":"olavarria-tiene-todo-para-convertirse-en-una-ciudad-turistica","status":"publish","type":"post","link":"https:\/\/cdnoticias.com\/index.php\/2025\/08\/20\/olavarria-tiene-todo-para-convertirse-en-una-ciudad-turistica\/","title":{"rendered":"\u201cOlavarr\u00eda tiene todo para convertirse en una ciudad tur\u00edstica\u201d"},"content":{"rendered":"\n<p>As\u00ed lo se\u00f1al\u00f3 el candidato a concejal por el espacio Somos, Mat\u00edas \u201cBachi\u201d Casta\u00f1ares.<\/p>\n\n\n\n<hr class=\"wp-block-separator has-alpha-channel-opacity\"\/>\n\n\n\n<p><strong>Mat\u00edas \u201cBachi\u201d Casta\u00f1ares, candidato a concejal por Somos Olavarr\u00eda<\/strong>, dialog\u00f3 con el programa de radio Desayuno con Noticias de cara a las Elecciones Legislativas del 7 de septiembre.<\/p>\n\n\n\n<p><\/p>\n\n\n\n<p>All\u00ed, se refiri\u00f3 a<strong> su incorporaci\u00f3n en el espacio <\/strong>y en la lista que competir\u00e1 en los pr\u00f3ximos comicios de medio t\u00e9rmino: \u201cme convocaron para que me sume a este equipo <strong>con el objetivo de poder brindar mi aporte sobre desarrollo tur\u00edstico de la ciudad<\/strong>, ya que vengo trabajando en el \u00e1rea desde hace m\u00e1s de 10 a\u00f1os con el proyecto de<strong> cicloturismo Bici Tours<\/strong>\u201d.<\/p>\n\n\n\n<p><\/p>\n\n\n\n<p>En esta misma l\u00ednea, se\u00f1al\u00f3 que dentro del proyecto pol\u00edtico del espacio est\u00e1 muy arraigado todo lo relacionado con el impulso y crecimiento del turismo olavarriense y que<strong> \u201ces algo que en las \u00faltimas gestiones no se ha visto, no se viene planificando\u201d.<\/strong><\/p>\n\n\n\n<p><\/p>\n\n\n\n<blockquote class=\"wp-block-quote is-layout-flow wp-block-quote-is-layout-flow\">\n<p>\u201cSi en Olavarr\u00eda esta \u00e1rea se hubiera desarrollado hace muchos a\u00f1os atr\u00e1s, la ciudad tendr\u00eda otros recursos que le permitir\u00eda otros ingresos. El turismo es un sector muy amplio que genera much\u00edsimo empleo\u201d, dijo.<\/p>\n<\/blockquote>\n\n\n\n<p><\/p>\n\n\n\n<p>A su vez, manifest\u00f3 con \u00e9nfasis: \u201c<strong>Olavarr\u00eda tiene todo para convertirse en una ciudad tur\u00edstica<\/strong>. Tiene cerros, sierras, lagunas, puentes colgantes, un arroyo que cruza toda la ciudad. Olavarr\u00eda tiene mucha historia\u201d.<\/p>\n\n\n\n<p><\/p>\n\n\n\n<p>Por otra parte, sostuvo que \u201cSomos Olavarr\u00eda es un espacio que<strong> est\u00e1 conformado por vecinos que no venimos de la pol\u00edtica y que nos interesamos por nuestra ciudad.<\/strong> Queremos ser la voz de los ciudadanos en el Concejo Deliberante y poder representarlos\u201d.<\/p>\n\n\n\n<p><\/p>\n\n\n\n<p>Por \u00faltimo, expres\u00f3 que<strong> la salud, la educaci\u00f3n, la seguridad, el turismo y la planificaci\u00f3n<\/strong> \u201cson los ejes que consideramos fundamentales para el desarrollo y crecimiento del Partido de Olavarr\u00eda\u201d.<\/p>\n\n\n\n<p><\/p>\n","protected":false},"excerpt":{"rendered":"<p>As\u00ed lo se\u00f1al\u00f3 el candidato a concejal por el espacio Somos, Mat\u00edas \u201cBachi\u201d Casta\u00f1ares. Mat\u00edas \u201cBachi\u201d Casta\u00f1ares, candidato a concejal<\/p>\n","protected":false},"author":5,"featured_media":179992,"comment_status":"closed","ping_status":"closed","sticky":false,"template":"","format":"standard","meta":{"_jetpack_memberships_contains_paid_content":false,"footnotes":""},"categories":[4,1],"tags":[],"class_list":["post-179991","post","type-post","status-publish","format-standard","has-post-thumbnail","hentry","category-politica","category-portada"],"jetpack_featured_media_url":"https:\/\/i0.wp.com\/cdnoticias.com\/wp-content\/uploads\/2025\/08\/bachi-castanares.png?fit=800%2C445&ssl=1","jetpack_sharing_enabled":true,"_links":{"self":[{"href":"https:\/\/cdnoticias.com\/index.php\/wp-json\/wp\/v2\/posts\/179991","targetHints":{"allow":["GET"]}}],"collection":[{"href":"https:\/\/cdnoticias.com\/index.php\/wp-json\/wp\/v2\/posts"}],"about":[{"href":"https:\/\/cdnoticias.com\/index.php\/wp-json\/wp\/v2\/types\/post"}],"author":[{"embeddable":true,"href":"https:\/\/cdnoticias.com\/index.php\/wp-json\/wp\/v2\/users\/5"}],"replies":[{"embeddable":true,"href":"https:\/\/cdnoticias.com\/index.php\/wp-json\/wp\/v2\/comments?post=179991"}],"version-history":[{"count":0,"href":"https:\/\/cdnoticias.com\/index.php\/wp-json\/wp\/v2\/posts\/179991\/revisions"}],"wp:featuredmedia":[{"embeddable":true,"href":"https:\/\/cdnoticias.com\/index.php\/wp-json\/wp\/v2\/media\/179992"}],"wp:attachment":[{"href":"https:\/\/cdnoticias.com\/index.php\/wp-json\/wp\/v2\/media?parent=179991"}],"wp:term":[{"taxonomy":"category","embeddable":true,"href":"https:\/\/cdnoticias.com\/index.php\/wp-json\/wp\/v2\/categories?post=179991"},{"taxonomy":"post_tag","embeddable":true,"href":"https:\/\/cdnoticias.com\/index.php\/wp-json\/wp\/v2\/tags?post=179991"}],"curies":[{"name":"wp","href":"https:\/\/api.w.org\/{rel}","templated":true}]}}