{"id":179987,"date":"2025-08-20T10:20:00","date_gmt":"2025-08-20T13:20:00","guid":{"rendered":"https:\/\/cdnoticias.com\/?p=179987"},"modified":"2025-08-20T13:05:38","modified_gmt":"2025-08-20T16:05:38","slug":"a-horas-del-debate-en-el-congreso-mas-de-200-firmas-de-olavarria-para-apoyar-la-emergencia-en-discapacidad","status":"publish","type":"post","link":"https:\/\/cdnoticias.com\/index.php\/2025\/08\/20\/a-horas-del-debate-en-el-congreso-mas-de-200-firmas-de-olavarria-para-apoyar-la-emergencia-en-discapacidad\/","title":{"rendered":"A horas del debate en el Congreso, m\u00e1s de 200 firmas de Olavarr\u00eda para apoyar la emergencia en discapacidad"},"content":{"rendered":"<p>Son profesionales e instituciones que trabajan con personas con discapacidad. Adhirieron al comunicado de Familias TDAH: \u201cno somos un gasto\u201d sostuvieron.<!--more--><\/p>\n<hr \/>\n<p>La <strong>Asociaci\u00f3n Civil Familias TDAH<\/strong> dio a conocer un <strong>comunicado para reiterar su rechazo al veto a la ley de emergencia en discapacidad<\/strong> y cont\u00f3 con <strong>m\u00e1s de 200 firmas de profesionales e instituciones<\/strong> de Olavarr\u00eda que apoyan la postura. <em>El proyecto legislativo volver\u00e1 a tratarse este mi\u00e9rcoles en el Congreso.<\/em><\/p>\n<blockquote><p>\u201cLos prestadores de salud, personas con discapacidad, familias, asociaciones civiles y talleres protegidos decimos: \u00a1que vivimos en emergencia y al veto en discapacidad! Para todos los firmantes el hablar de discapacidad no es algo nuevo ni se da solo un par de meses o en a\u00f1os de campa\u00f1a. Quienes somos parte de esta lucha llevamos d\u00e9cadas de ser invisibles y que no se respeten nuestros derechos\u201d expresaron.<\/p><\/blockquote>\n<p>A principios de agosto <a href=\"https:\/\/cdnoticias.com\/index.php\/2025\/08\/02\/el-gobierno-veto-las-leyes-de-jubilaciones-y-discapacidad-y-apuesta-a-bloquear-su-rechazo-en-diputados\/\" target=\"_blank\" rel=\"noopener\">el presidente Javier Milei vet\u00f3 la ley de emergencia en discapacidad<\/a>, la cual volvi\u00f3 al Congreso de la Naci\u00f3n donde este mi\u00e9rcoles se espera su debate en una sesi\u00f3n de la C\u00e1mara de Diputados.<\/p>\n<p>La Asociaci\u00f3n Civil Familias TDAH expres\u00f3 su intenci\u00f3n de <em>\u201cdejar en claro a la sociedad qu\u00e9 es lo que atravesamos d\u00eda a d\u00eda\u201d<\/em> las personas con discapacidad, sus familias y los profesionales que los acompa\u00f1an. <strong>\u201cTerapias, tratamientos, medicamentos, estudios, luchas diarias<\/strong> para que la sociedad entienda que es lo que nos pasa\u2026 tenemos<strong> derechos que nos amparan<\/strong> y que a pesar de todas las luchas diarias propias de cada diagn\u00f3stico tenemos que luchar d\u00eda a d\u00eda, a\u00f1o a a\u00f1o para que se reconozcan los mismos\u201d se indic\u00f3.<\/p>\n<p>As\u00ed se present\u00f3 un <strong>repaso por la normativa nacional<\/strong> que fija los derechos de las personas con discapacidad: \u201cToda discapacidad visible o invisible tiene derechos esos derechos nos los otorga un CUD (certificado \u00fanico de discapacidad)\u201d. Citaron la Convenci\u00f3n sobre los Derechos de las Personas con Discapacidad sancionada mediante la Ley 26.378, leyes 27.044, 22.431 y 24.901 que fijan<strong> \u201cderechos adquiridos como salud, educaci\u00f3n inclusiva, trabajo, medicamentos\u201d<\/strong>. Con ello apuntaron a que <strong>\u201csignifica que las leyes y pol\u00edticas p\u00fablicas argentinas deben estar en consonancia con los principios y derechos establecidos<\/strong> en la normativa vigente y respetando los rangos legales adquiridos, no se vetan porque s\u00ed\u2026. no somos un gasto\u201d.<\/p>\n<blockquote><p>Asimismo, sostuvieron que \u201cesto no es nuevo son d\u00e9cadas de abandono, de no pensar ni en las personas con discapacidad, porque s\u00ed somos personas, ni en las familias ni en los prestadores. \u00bfY que esperamos? que estos derechos se reconozcan y que no sean en a\u00f1os electorales donde se hable de discapacidad. Venimos con m\u00e1s de 40 a\u00f1os luchando para que se cumpla ni m\u00e1s ni menos lo que nos corresponde\u201d.<\/p><\/blockquote>\n<p>En referencia a lo transcurrido \u201cen estos \u00faltimos meses donde todos somos utilizados pol\u00edticamente, a favor o en contra, es donde <strong>pedimos que de una vez y para siempre se piense y se trabaje en pol\u00edticas p\u00fablicas con soluciones efectivas<\/strong>, para eso tambi\u00e9n elegimos nuestros gobernantes y legisladores\u201d. Agregaron que <em>\u201ccoincidimos en que, si algo est\u00e1 mal, se audite, se sancione y se castigue a quien no le corresponde. Pero que hilo no se corta por los m\u00e1s vulnerables\u201d.<\/em><\/p>\n<p>Por \u00faltimo, desde Familias TDAH Olavarr\u00eda, las titulares -Maite Salerno, Romina Rodr\u00edguez y Mar\u00eda Jos\u00e9 V\u00e1zquez- expresaron<strong> \u201cnos llena de gratitud y orgullo que m\u00e1s de 200 personas, profesionales e instituciones en tan solo una ma\u00f1ana se sumaron hacer visible lo invisible<\/strong>. Ni prestadores, ni familias ni pacientes vamos a bajar los brazos ni dejar de luchar por nuestros derechos\u201d.<\/p>\n<h3>Firman este documento:<\/h3>\n<p>Asociaci\u00f3n civil Familias TDAH Olavarr\u00eda, INDA Azul, INDA Olavarr\u00eda. Dr. Pablo Spinsanti. Centro interdisciplinario Matriz, EIAT espacio interdisciplinario, Centro de d\u00eda Un Nuevo Dia, Terapistas ocupacionales Olavarr\u00eda. Talleres protegidos: Juntos Por Vos y Crecer Juntos, Dra. Pilzo Mar\u00eda de los, \u00c1ngeles, Dr. Juan Bricka, Dra. Luisana M\u00e9ndez Escudero, Dr. Joaqu\u00edn M\u00e9ndez Escudero, Dra. De Souza Juliana; psicolog\u00eda: Marisa Silva, Lic. Iturralde Gabriela, Natalia G\u00f3mez, Lic. Rudolf Lorena, TO: Julieta Ciano Psicopedagog\u00eda: Lic. Elizabeth Viera, Lic. Florencia Bellomo, Lic. Matoffi Mirta, Gelmi Solange TO Lic. Yesica Degenhart, Lic. Maria Raquel Fotti , Lic. Giselle Burgart; kinesi\u00f3loga: Victoria Marchioni Fonoaudiolog\u00eda: Maria Pierina Foti, Sol Rosello, Pirola Estefan\u00eda; Milagros Maldonado Mattaini Mar\u00eda Gabriela Iturregui, Prof. Andrea Beatriz Iturregui, Prof. Roc\u00edo Ocampo, Magali Arramon, TSAT: Maricruz Berengua, Mariana C\u00e1ceres, Paula Gallastegui, Aedo Cyntia Noelia, Vargas Milagros, Wagner Dar\u00edo, Wagner Abi, Wagner Mercedes, Orfanelli Alejandra, Jenifer C\u00f3rdoba, Gierendiain Karen, Evaristo Ana Lucia, Papeix Estefan\u00eda, Ardieles Silvana, Andrea Evaristo, Dalmiro Lasalle, Susana Raquel Solle, Jorge Lorenzo Rodr\u00edguez, Adela Fanuchi, Danilo Garc\u00eda, Marcelo Marcone, Rodolfo Oscar Fern\u00e1ndez, Gabriela Rodr\u00edguez, Maria Jos\u00e9 Pibuel, Beatriz Peralta, Mercedes Benzi, Eduardo Daniel Bermejo, AT: Soledad Petz, Yesica Della Magiora Cintia N Aedo, Dumerauf Esther; Lazarte H\u00e9ctor, Elisa Bricka, Saenz Buruagua Lucas Gast\u00f3n, Novas Agostina, Saenz Buruaga Milagros, Novas Rodrigo, Petz M. Carolina, Petz Micaela, Campos Virginia, Grandi M. German, Peirano Daniel Alberto, Andr\u00e9s Ferro, Echeverria Marcelo G., Patricia Placenti, Gonz\u00e1lez Jorge, V\u00e1zquez Omar, Palacios Raquel, V\u00e1zquez J. Manuel, V\u00e1zquez Omar E, Nardin German, Ventimiglia Franco, Natalia Canaval, Errobidart Ubaldo, Errobidart Thiago, Canabal Thiago, Bodini Jessica, Horacio Gaviatti, Prof. Julia Arouxet Ramongassie, Marta H. Larraz, Daniela de Rosende, Julio Cesar Rosende, Cristian Nievas, Almua Milagros, Escudero Mariano N., Telechea Patricia A., Juliana Verena Altma, Camila Sciarrette, N\u00e9stor Gabriel Rodr\u00edguez, Maria Sol Gerard, V\u00edctor L\u00f3pez, Prof. Nora Ambrosis, Marina Sofia Avinceta, M\u00e9ndez Francisco, Guillermo Damaso Arce, Sandini Adolfo, Escudero Carmen, Fermina Peralta, Gaviatti Maria del Carmen, Scheneider Rosana, Novello, Neri E., Johanna Chamorro, Timpanaro Dami\u00e1n, Jadur Mariana I., Penhil paula, Rosana E. Molinari, Edgardo O. Tolosa, Prof. Maria Diez de Ulzurr\u00fam, Alejandra Diez de Ulzurr\u00fam, Pamela Diez de Ulzurr\u00fam, Jos\u00e9 Diez de Ulzurr\u00fam, Ramiro Diez de Ulzurr\u00fam, Guillermo Ram\u00edrez, Silvia \u00c1lvarez, Iv\u00e1n Vidal Diez de Ulzurr\u00fam, Tolosa Macarena, Torres Cecilia, Erna Zucher, M. Celeste inmaculada Brun Lubatti, H\u00e9ctor A. Brun, Sandra Falabella, Enrich Konrad Zucher, Daniela Zelaya, Emanuel Gonz\u00e1lez, Agustina K. V\u00e1zquez, Milagros R. Navarro Rosales, Francisco O. Oca\u00f1a, M. Florencia Paterno, Jimena Arrechea Grassi, Florencia Gonz\u00e1lez Grassi, Walter D. Gonz\u00e1lez, Grasso Anal\u00eda M., Anne Zucher, Daiana A. Arrechea Grassi, Inge Zucher, Catalina G\u00e1ndara, Quinteros Maria Victoria, Sofia Baldomiro, Alejandro Ayala, Ricardo Ayala, Carlos Del Valle, Lourdes Mart\u00ednez, Dimateo Roc\u00edo, Daniela Criscuolo Monteiro Lagrave, Buongiorno Mat\u00edas, Garc\u00eda Lilian, Karina H. \u00c1vila, Romina Buche, Minner Bernardita, Sal\u00edas Felicitas, Bernardita Miner, Hualde Marilina, Trabucco Julieta, Prof. Ambrosis Patricia A., Lurbet Mat\u00edas, Jonatan R. Verdugo, Ra\u00fal R. Verdugo, Vallejos E. Estela, Vidovi M. d las Mercedes, Rey Franco Emanuel, Fernandez Carla, Deniz Martin, Fernandez Karina, Mazzoleni Daniel H, Fernandez Manuela, M. Alejandra Gonz\u00e1lez, Zelaya Stella M., Vallejos Jorge A., Vallejos Brian N., Paola Lasalle, Norma Tesarriu, Eyarch Gabriel, Baleman Alejandra, Ojeda M. Silvia, Ruppel Juan Pablo, Jorge Cornejo, Milena Evaristo, Carmen Sarra, Silvio Lagrave, Alejandra Laborde, Laura Rodriguez, Nataly Zamorano, Andronaco Mercedes, Mart\u00ednez Marcelo, Mar\u00eda Elena Cotti, Prof. Freites Ver\u00f3nica, Fernandez Karina, Victoria Altavista, Prof. Walter Garc\u00eda, Rinc\u00f3n Fabiana A., Lagos Roc\u00edo A., Prof. Julieta Simona.<\/p>\n<blockquote class=\"wp-embedded-content\" data-secret=\"VXygYJTNex\"><p><a href=\"https:\/\/cdnoticias.com\/index.php\/2025\/08\/04\/repudio-al-veto-a-la-ley-de-emergencia-en-discapacidad-pedimos-a-nuestros-representantes-que-nos-vean\/\">Repudio al veto a la Ley de Emergencia en Discapacidad: \u201cPedimos a nuestros representantes que nos vean\u201d<\/a><\/p><\/blockquote>\n<p><iframe loading=\"lazy\" class=\"wp-embedded-content\" sandbox=\"allow-scripts\" security=\"restricted\" style=\"position: absolute; visibility: hidden;\" title=\"&#8220;Repudio al veto a la Ley de Emergencia en Discapacidad: \u201cPedimos a nuestros representantes que nos vean\u201d&#8221; &#8212; Central de Noticias | Olavarr\u00eda\" src=\"https:\/\/cdnoticias.com\/index.php\/2025\/08\/04\/repudio-al-veto-a-la-ley-de-emergencia-en-discapacidad-pedimos-a-nuestros-representantes-que-nos-vean\/embed\/#?secret=XGDIrpRDNK#?secret=VXygYJTNex\" data-secret=\"VXygYJTNex\" width=\"600\" height=\"338\" frameborder=\"0\" marginwidth=\"0\" marginheight=\"0\" scrolling=\"no\"><\/iframe><\/p>\n","protected":false},"excerpt":{"rendered":"<p>Son profesionales e instituciones que trabajan con personas con discapacidad. Adhirieron al comunicado de Familias TDAH: \u201cno somos un gasto\u201d<\/p>\n","protected":false},"author":4,"featured_media":172702,"comment_status":"closed","ping_status":"closed","sticky":false,"template":"","format":"standard","meta":{"_jetpack_memberships_contains_paid_content":false,"footnotes":""},"categories":[5,1],"tags":[],"class_list":["post-179987","post","type-post","status-publish","format-standard","has-post-thumbnail","hentry","category-informacion-general","category-portada"],"jetpack_featured_media_url":"https:\/\/i0.wp.com\/cdnoticias.com\/wp-content\/uploads\/2025\/05\/Marcha-Discapacidad-Emergencia-Olavarria-03.jpg?fit=1024%2C576&ssl=1","jetpack_sharing_enabled":true,"_links":{"self":[{"href":"https:\/\/cdnoticias.com\/index.php\/wp-json\/wp\/v2\/posts\/179987","targetHints":{"allow":["GET"]}}],"collection":[{"href":"https:\/\/cdnoticias.com\/index.php\/wp-json\/wp\/v2\/posts"}],"about":[{"href":"https:\/\/cdnoticias.com\/index.php\/wp-json\/wp\/v2\/types\/post"}],"author":[{"embeddable":true,"href":"https:\/\/cdnoticias.com\/index.php\/wp-json\/wp\/v2\/users\/4"}],"replies":[{"embeddable":true,"href":"https:\/\/cdnoticias.com\/index.php\/wp-json\/wp\/v2\/comments?post=179987"}],"version-history":[{"count":0,"href":"https:\/\/cdnoticias.com\/index.php\/wp-json\/wp\/v2\/posts\/179987\/revisions"}],"wp:featuredmedia":[{"embeddable":true,"href":"https:\/\/cdnoticias.com\/index.php\/wp-json\/wp\/v2\/media\/172702"}],"wp:attachment":[{"href":"https:\/\/cdnoticias.com\/index.php\/wp-json\/wp\/v2\/media?parent=179987"}],"wp:term":[{"taxonomy":"category","embeddable":true,"href":"https:\/\/cdnoticias.com\/index.php\/wp-json\/wp\/v2\/categories?post=179987"},{"taxonomy":"post_tag","embeddable":true,"href":"https:\/\/cdnoticias.com\/index.php\/wp-json\/wp\/v2\/tags?post=179987"}],"curies":[{"name":"wp","href":"https:\/\/api.w.org\/{rel}","templated":true}]}}