{"id":17998,"date":"2021-04-05T12:17:13","date_gmt":"2021-04-05T15:17:13","guid":{"rendered":"http:\/\/www.centraldenoticias.com.ar\/?p=17998"},"modified":"2021-04-05T12:17:13","modified_gmt":"2021-04-05T15:17:13","slug":"prorrogan-el-teletrabajo-de-agentes-del-sector-publico-hasta-el-9-de-abril","status":"publish","type":"post","link":"https:\/\/cdnoticias.com\/index.php\/2021\/04\/05\/prorrogan-el-teletrabajo-de-agentes-del-sector-publico-hasta-el-9-de-abril\/","title":{"rendered":"Prorrogan el \u201cteletrabajo\u201d de agentes del sector p\u00fablico hasta el 9 de abril"},"content":{"rendered":"<p>As\u00ed lo confirm\u00f3 el gobierno nacional mediante la publicaci\u00f3n en el Bolet\u00edn Oficial. Es por el aumento de casos de COVID a nivel nacional.<!--more--><\/p>\n<hr \/>\n<p><strong>El gobierno nacional prorrog\u00f3 el teletrabajo para agentes del sector p\u00fablico nacional hasta el 9 de abril inclusive<\/strong>, en el marco de una suba importante de casos de COVID en todo el pa\u00eds.<\/p>\n<p>&nbsp;<\/p>\n<blockquote><p>La normativa se public\u00f3 este lunes en el Bolet\u00edn Oficial, aunque el primer decreto ya deslizaba esta extensi\u00f3n de fecha.<\/p><\/blockquote>\n<p>&nbsp;<\/p>\n<p>La normativa establece <em>\u201cla estricta y prioritaria prestaci\u00f3n de servicios mediante la modalidad de trabajo remoto para las y los agentes de todas las jurisdicciones, organismos y entidades del Sector P\u00fablico Nacional\u201d.<\/em><\/p>\n<p>&nbsp;<\/p>\n<p>Quedan excluidos de la misma la Administraci\u00f3n Nacional de Laboratorios e Institutos de Salud \u201cDr. Carlos G. Malbr\u00e1n\u201d (Anlis), la Administraci\u00f3n Nacional de Medicamentos, Alimentos y Tecnolog\u00eda M\u00e9dica (Anmat), las Fuerzas de Seguridad Federales, las Fuerzas Armadas, el Servicio Penitenciario Federal, el personal de salud y del sistema sanitario, el personal del cuerpo de Guardaparques y del Sistema Federal de Manejo del Fuego, la Direcci\u00f3n Nacional de Migraciones y el Registro Nacional de las Personas (Renaper).<\/p>\n<p>&nbsp;<\/p>\n<p>Cuando el trabajo sea presencial se deber\u00e1n garantizar los protocolos establecidos. Asimismo, <strong>Naci\u00f3n invit\u00f3 al Poder Judicial, al Legislativo, a las provincias y a la Ciudad Aut\u00f3noma de Buenos Aires a \u201cadoptar medidas similares\u201d.<\/strong> Tambi\u00e9n recomend\u00f3 avanzar \u201cen consonancia\u201d al sector privado.<\/p>\n","protected":false},"excerpt":{"rendered":"<p>As\u00ed lo confirm\u00f3 el gobierno nacional mediante la publicaci\u00f3n en el Bolet\u00edn Oficial. Es por el aumento de casos de<\/p>\n","protected":false},"author":2,"featured_media":13859,"comment_status":"closed","ping_status":"closed","sticky":false,"template":"","format":"standard","meta":{"_jetpack_memberships_contains_paid_content":false,"footnotes":""},"categories":[6,1],"tags":[],"class_list":["post-17998","post","type-post","status-publish","format-standard","has-post-thumbnail","hentry","category-nacionales","category-portada"],"jetpack_featured_media_url":"https:\/\/i0.wp.com\/cdnoticias.com\/wp-content\/uploads\/2021\/02\/teletrabajo1.jpg?fit=2155%2C1330&ssl=1","jetpack_sharing_enabled":true,"_links":{"self":[{"href":"https:\/\/cdnoticias.com\/index.php\/wp-json\/wp\/v2\/posts\/17998","targetHints":{"allow":["GET"]}}],"collection":[{"href":"https:\/\/cdnoticias.com\/index.php\/wp-json\/wp\/v2\/posts"}],"about":[{"href":"https:\/\/cdnoticias.com\/index.php\/wp-json\/wp\/v2\/types\/post"}],"author":[{"embeddable":true,"href":"https:\/\/cdnoticias.com\/index.php\/wp-json\/wp\/v2\/users\/2"}],"replies":[{"embeddable":true,"href":"https:\/\/cdnoticias.com\/index.php\/wp-json\/wp\/v2\/comments?post=17998"}],"version-history":[{"count":0,"href":"https:\/\/cdnoticias.com\/index.php\/wp-json\/wp\/v2\/posts\/17998\/revisions"}],"wp:featuredmedia":[{"embeddable":true,"href":"https:\/\/cdnoticias.com\/index.php\/wp-json\/wp\/v2\/media\/13859"}],"wp:attachment":[{"href":"https:\/\/cdnoticias.com\/index.php\/wp-json\/wp\/v2\/media?parent=17998"}],"wp:term":[{"taxonomy":"category","embeddable":true,"href":"https:\/\/cdnoticias.com\/index.php\/wp-json\/wp\/v2\/categories?post=17998"},{"taxonomy":"post_tag","embeddable":true,"href":"https:\/\/cdnoticias.com\/index.php\/wp-json\/wp\/v2\/tags?post=17998"}],"curies":[{"name":"wp","href":"https:\/\/api.w.org\/{rel}","templated":true}]}}