{"id":179959,"date":"2025-08-19T20:13:52","date_gmt":"2025-08-19T23:13:52","guid":{"rendered":"https:\/\/cdnoticias.com\/?p=179959"},"modified":"2025-08-19T20:16:08","modified_gmt":"2025-08-19T23:16:08","slug":"dos-olavarrienses-lograron-el-pasaje-al-mundial-de-menores-de-padel","status":"publish","type":"post","link":"https:\/\/cdnoticias.com\/index.php\/2025\/08\/19\/dos-olavarrienses-lograron-el-pasaje-al-mundial-de-menores-de-padel\/","title":{"rendered":"Dos olavarrienses lograron el pasaje al Mundial de Menores de P\u00e1del"},"content":{"rendered":"\n<p>Jazm\u00edn Dos Santos representar\u00e1 a la Selecci\u00f3n Argentina en Sub16 tras imponerse el Master Final de la APA en Sub 16. Otra local representar\u00e1 en Espa\u00f1a: ser\u00e1 Josefina Rodr\u00edguez, quien finaliz\u00f3 cuarta en Sub 14.<\/p>\n\n\n\n<hr class=\"wp-block-separator aligncenter has-alpha-channel-opacity\"\/>\n\n\n\n<p><strong>Jazm\u00edn Dos Santos <\/strong>y Victoria V\u00edlchez se consagraron<strong> campeonas del Master Final de la Asociaci\u00f3n de P\u00e1del Argentino (APA) en la categor\u00eda Sub 16 femenina, l<\/strong>uego de imponerse en una intensa final ante Martina Marcel y Zoe Ben\u00edtez con parciales de 4\/6, 6\/4 y 6\/4.<\/p>\n\n\n\n<p>Con este resultado, la dupla integrada por la olavarriense y la cordobesa se qued\u00f3 con el t\u00edtulo de la temporada y se consolid\u00f3 como la pareja n\u00famero uno del pa\u00eds en la categor\u00eda.<strong> En el caso de Dos Santos, el logro tiene un valor agregado: se trata de su tercer campeonato consecutivo en los selectivos de menores de APA.<\/strong><\/p>\n\n\n\n<p>La conquista le permiti\u00f3 adem\u00e1s <strong>asegurarse un lugar en la Selecci\u00f3n Argentina que competir\u00e1 en el Mundial de Menores, previsto para fines de septiembre en Madrid (Espa\u00f1a). <\/strong>De esta manera, <strong>Jazm\u00edn Dos Santos se convierte una de las jugadoras olavarrienses en representar al pa\u00eds en esta instancia internacional.<\/strong><\/p>\n\n\n\n<figure class=\"wp-block-image size-large\"><img data-recalc-dims=\"1\" loading=\"lazy\" decoding=\"async\" width=\"800\" height=\"626\" src=\"https:\/\/i0.wp.com\/cdnoticias.com\/wp-content\/uploads\/2025\/08\/WhatsApp-Image-2025-08-19-at-20.15.32.jpeg?resize=800%2C626&#038;ssl=1\" alt=\"\" class=\"wp-image-179962\" srcset=\"https:\/\/i0.wp.com\/cdnoticias.com\/wp-content\/uploads\/2025\/08\/WhatsApp-Image-2025-08-19-at-20.15.32.jpeg?resize=1024%2C801&amp;ssl=1 1024w, https:\/\/i0.wp.com\/cdnoticias.com\/wp-content\/uploads\/2025\/08\/WhatsApp-Image-2025-08-19-at-20.15.32.jpeg?resize=300%2C235&amp;ssl=1 300w, https:\/\/i0.wp.com\/cdnoticias.com\/wp-content\/uploads\/2025\/08\/WhatsApp-Image-2025-08-19-at-20.15.32.jpeg?resize=768%2C601&amp;ssl=1 768w, https:\/\/i0.wp.com\/cdnoticias.com\/wp-content\/uploads\/2025\/08\/WhatsApp-Image-2025-08-19-at-20.15.32.jpeg?w=1170&amp;ssl=1 1170w\" sizes=\"auto, (max-width: 800px) 100vw, 800px\" \/><\/figure>\n\n\n\n<p>A su vez, otro nombre local se destac\u00f3 en la competencia:<strong> Josefina Rodr\u00edguez finaliz\u00f3 en el cuarto puesto en la categor\u00eda Sub 14 femenina y tambi\u00e9n fue convocada para integrar el equipo nacional que viajar\u00e1 a Espa\u00f1a representando a la categor\u00eda.<\/strong><\/p>\n","protected":false},"excerpt":{"rendered":"<p>Jazm\u00edn Dos Santos representar\u00e1 a la Selecci\u00f3n Argentina en Sub16 tras imponerse el Master Final de la APA en Sub<\/p>\n","protected":false},"author":2,"featured_media":179960,"comment_status":"closed","ping_status":"closed","sticky":false,"template":"","format":"standard","meta":{"_jetpack_memberships_contains_paid_content":false,"footnotes":""},"categories":[29,1,55],"tags":[],"class_list":["post-179959","post","type-post","status-publish","format-standard","has-post-thumbnail","hentry","category-deportes","category-portada","category-tenis-padel"],"jetpack_featured_media_url":"https:\/\/i0.wp.com\/cdnoticias.com\/wp-content\/uploads\/2025\/08\/WhatsApp-Image-2025-08-19-at-20.09.49.jpeg?fit=1170%2C752&ssl=1","jetpack_sharing_enabled":true,"_links":{"self":[{"href":"https:\/\/cdnoticias.com\/index.php\/wp-json\/wp\/v2\/posts\/179959","targetHints":{"allow":["GET"]}}],"collection":[{"href":"https:\/\/cdnoticias.com\/index.php\/wp-json\/wp\/v2\/posts"}],"about":[{"href":"https:\/\/cdnoticias.com\/index.php\/wp-json\/wp\/v2\/types\/post"}],"author":[{"embeddable":true,"href":"https:\/\/cdnoticias.com\/index.php\/wp-json\/wp\/v2\/users\/2"}],"replies":[{"embeddable":true,"href":"https:\/\/cdnoticias.com\/index.php\/wp-json\/wp\/v2\/comments?post=179959"}],"version-history":[{"count":0,"href":"https:\/\/cdnoticias.com\/index.php\/wp-json\/wp\/v2\/posts\/179959\/revisions"}],"wp:featuredmedia":[{"embeddable":true,"href":"https:\/\/cdnoticias.com\/index.php\/wp-json\/wp\/v2\/media\/179960"}],"wp:attachment":[{"href":"https:\/\/cdnoticias.com\/index.php\/wp-json\/wp\/v2\/media?parent=179959"}],"wp:term":[{"taxonomy":"category","embeddable":true,"href":"https:\/\/cdnoticias.com\/index.php\/wp-json\/wp\/v2\/categories?post=179959"},{"taxonomy":"post_tag","embeddable":true,"href":"https:\/\/cdnoticias.com\/index.php\/wp-json\/wp\/v2\/tags?post=179959"}],"curies":[{"name":"wp","href":"https:\/\/api.w.org\/{rel}","templated":true}]}}