{"id":179956,"date":"2025-08-19T19:41:21","date_gmt":"2025-08-19T22:41:21","guid":{"rendered":"https:\/\/cdnoticias.com\/?p=179956"},"modified":"2025-08-19T19:41:22","modified_gmt":"2025-08-19T22:41:22","slug":"el-municipio-inicio-un-nuevo-taller-para-emprendedores-y-trabajadores-de-la-economia-popular","status":"publish","type":"post","link":"https:\/\/cdnoticias.com\/index.php\/2025\/08\/19\/el-municipio-inicio-un-nuevo-taller-para-emprendedores-y-trabajadores-de-la-economia-popular\/","title":{"rendered":"El Municipio inici\u00f3 un nuevo taller para emprendedores y trabajadores de la Econom\u00eda Popular"},"content":{"rendered":"\n<p>Se busca brindar herramientas para la gesti\u00f3n econ\u00f3mica y financiera.<\/p>\n\n\n\n<hr class=\"wp-block-separator aligncenter has-alpha-channel-opacity\"\/>\n\n\n\n<p>Este martes comenz\u00f3 un <strong>nuevo taller impulsado por la Secretar\u00eda de Desarrollo Econ\u00f3mico y Productivo de la Municipalidad de Olavarr\u00eda, <\/strong>en el marco del <strong>Programa de Incubaci\u00f3n de Emprendimientos y de Acompa\u00f1amiento.<\/strong><\/p>\n\n\n\n<p>La propuesta est\u00e1 destinada a <strong>emprendedores y a trabajadores y trabajadoras de la Econom\u00eda Popular que llevan adelante diferentes unidades productivas<\/strong>. Es dictada por<strong> personal t\u00e9cnico de la Coordinaci\u00f3n de Econom\u00eda Popular, con el objetivo de brindar herramientas y profundizar en conceptos que permitan planificar, organizar y mejorar la producci\u00f3n y comercializaci\u00f3n, adem\u00e1s de optimizar y regularizar los procesos productivos.<\/strong><\/p>\n\n\n\n<p>El taller consta de cinco encuentros y se dicta los d\u00edas <strong>martes de 9:00 a 11:30 horas en el Centro Interdisciplinario de Innovaci\u00f3n Tecnol\u00f3gica, ubicado en el Polo Educativo y Recreativo La M\u00e1xima (Avenida Pellegrini 4200).<\/strong><\/p>\n","protected":false},"excerpt":{"rendered":"<p>Se busca brindar herramientas para la gesti\u00f3n econ\u00f3mica y financiera. Este martes comenz\u00f3 un nuevo taller impulsado por la Secretar\u00eda<\/p>\n","protected":false},"author":2,"featured_media":179957,"comment_status":"closed","ping_status":"closed","sticky":false,"template":"","format":"standard","meta":{"_jetpack_memberships_contains_paid_content":false,"footnotes":""},"categories":[5,1],"tags":[],"class_list":["post-179956","post","type-post","status-publish","format-standard","has-post-thumbnail","hentry","category-informacion-general","category-portada"],"jetpack_featured_media_url":"https:\/\/i0.wp.com\/cdnoticias.com\/wp-content\/uploads\/2025\/08\/IMG_7988-1024x768-1-e1755643272246.jpg?fit=1024%2C567&ssl=1","jetpack_sharing_enabled":true,"_links":{"self":[{"href":"https:\/\/cdnoticias.com\/index.php\/wp-json\/wp\/v2\/posts\/179956","targetHints":{"allow":["GET"]}}],"collection":[{"href":"https:\/\/cdnoticias.com\/index.php\/wp-json\/wp\/v2\/posts"}],"about":[{"href":"https:\/\/cdnoticias.com\/index.php\/wp-json\/wp\/v2\/types\/post"}],"author":[{"embeddable":true,"href":"https:\/\/cdnoticias.com\/index.php\/wp-json\/wp\/v2\/users\/2"}],"replies":[{"embeddable":true,"href":"https:\/\/cdnoticias.com\/index.php\/wp-json\/wp\/v2\/comments?post=179956"}],"version-history":[{"count":0,"href":"https:\/\/cdnoticias.com\/index.php\/wp-json\/wp\/v2\/posts\/179956\/revisions"}],"wp:featuredmedia":[{"embeddable":true,"href":"https:\/\/cdnoticias.com\/index.php\/wp-json\/wp\/v2\/media\/179957"}],"wp:attachment":[{"href":"https:\/\/cdnoticias.com\/index.php\/wp-json\/wp\/v2\/media?parent=179956"}],"wp:term":[{"taxonomy":"category","embeddable":true,"href":"https:\/\/cdnoticias.com\/index.php\/wp-json\/wp\/v2\/categories?post=179956"},{"taxonomy":"post_tag","embeddable":true,"href":"https:\/\/cdnoticias.com\/index.php\/wp-json\/wp\/v2\/tags?post=179956"}],"curies":[{"name":"wp","href":"https:\/\/api.w.org\/{rel}","templated":true}]}}