{"id":179946,"date":"2025-08-19T17:54:08","date_gmt":"2025-08-19T20:54:08","guid":{"rendered":"https:\/\/cdnoticias.com\/?p=179946"},"modified":"2025-08-19T17:54:10","modified_gmt":"2025-08-19T20:54:10","slug":"meta-cumplida-por-mas-libertad-celebro-la-iluminacion-del-parque-raul-alfonsin","status":"publish","type":"post","link":"https:\/\/cdnoticias.com\/index.php\/2025\/08\/19\/meta-cumplida-por-mas-libertad-celebro-la-iluminacion-del-parque-raul-alfonsin\/","title":{"rendered":"\u201cMeta cumplida\u201d: Por m\u00e1s Libertad celebr\u00f3 la iluminaci\u00f3n del Parque Ra\u00fal Alfons\u00edn"},"content":{"rendered":"\n<p>El bloque integrado por Marcelo Petehs y Mariela Casamayor celebraron que el Municipio \u201catendi\u00f3 el pedido de nuestro bloque\u201d y adelant\u00f3 que hay \u201cotras obras solicitadas en marcha\u201d.<\/p>\n\n\n\n<hr class=\"wp-block-separator aligncenter has-alpha-channel-opacity\"\/>\n\n\n\n<p>Tras la inauguraci\u00f3n de la luminaria LED en el Parque \u201cRa\u00fal Alfons\u00edn\u201d (o Parque Sur),<strong> el bloque de concejales del HCD \u201cPor m\u00e1s Libertad\u201d celebr\u00f3 este hecho y record\u00f3 un proyecto de su autor\u00eda que solicitaba dicha iluminaci\u00f3n en el sector.<\/strong><\/p>\n\n\n\n<figure class=\"wp-block-embed is-type-wp-embed is-provider-central-de-noticias-olavarr-a wp-block-embed-central-de-noticias-olavarr-a\"><div class=\"wp-block-embed__wrapper\">\n<blockquote class=\"wp-embedded-content\" data-secret=\"tqf6ihutgw\"><a href=\"https:\/\/cdnoticias.com\/index.php\/2025\/08\/19\/se-ilumino-el-parque-raul-alfonsin\/\">Se ilumin\u00f3 el Parque \u201cRa\u00fal Alfons\u00edn\u201d<\/a><\/blockquote><iframe loading=\"lazy\" class=\"wp-embedded-content\" sandbox=\"allow-scripts\" security=\"restricted\" style=\"position: absolute; visibility: hidden;\" title=\"&#8220;Se ilumin\u00f3 el Parque \u201cRa\u00fal Alfons\u00edn\u201d&#8221; &#8212; Central de Noticias | Olavarr\u00eda\" src=\"https:\/\/cdnoticias.com\/index.php\/2025\/08\/19\/se-ilumino-el-parque-raul-alfonsin\/embed\/#?secret=LRyAEWjBMn#?secret=tqf6ihutgw\" data-secret=\"tqf6ihutgw\" width=\"600\" height=\"338\" frameborder=\"0\" marginwidth=\"0\" marginheight=\"0\" scrolling=\"no\"><\/iframe>\n<\/div><\/figure>\n\n\n\n<p>Catalogado como <em><strong>\u201cmeta cumplida\u201d<\/strong><\/em> el bloque integrado por Marcelo Petehs y Mariela Casemayor recordaron que \u201c<em>el 24 de septiembre del 2024 presentamos un proyecto solicitando iluminaci\u00f3n en el Parque Alfonsin-ex Parque Sur- y otras obras de infraestructura\u201d.<\/em><\/p>\n\n\n\n<p>Con <strong>la presencia de la edil del bloque<\/strong>, <em>\u201cayer se inaugur\u00f3 la iluminaci\u00f3n\u201d<\/em> y con respecto al proyecto, <em><strong>\u201cotras obras solicitadas est\u00e1n en marcha\u201d.<\/strong><\/em><\/p>\n\n\n\n<p>Agradecieron, en un breve comunicado, al Ejecutivo: <em><strong>\u201cGracias Gobierno Municipal por atender el pedido de nuestro bloque\u201d.<\/strong><\/em><\/p>\n\n\n\n<p><\/p>\n","protected":false},"excerpt":{"rendered":"<p>El bloque integrado por Marcelo Petehs y Mariela Casamayor celebraron que el Municipio \u201catendi\u00f3 el pedido de nuestro bloque\u201d y<\/p>\n","protected":false},"author":2,"featured_media":179947,"comment_status":"closed","ping_status":"closed","sticky":false,"template":"","format":"standard","meta":{"_jetpack_memberships_contains_paid_content":false,"footnotes":""},"categories":[5,1],"tags":[],"class_list":["post-179946","post","type-post","status-publish","format-standard","has-post-thumbnail","hentry","category-informacion-general","category-portada"],"jetpack_featured_media_url":"https:\/\/i0.wp.com\/cdnoticias.com\/wp-content\/uploads\/2025\/08\/WhatsApp-Image-2025-08-19-at-09.07.04-e1755636838737.jpeg?fit=1600%2C803&ssl=1","jetpack_sharing_enabled":true,"_links":{"self":[{"href":"https:\/\/cdnoticias.com\/index.php\/wp-json\/wp\/v2\/posts\/179946","targetHints":{"allow":["GET"]}}],"collection":[{"href":"https:\/\/cdnoticias.com\/index.php\/wp-json\/wp\/v2\/posts"}],"about":[{"href":"https:\/\/cdnoticias.com\/index.php\/wp-json\/wp\/v2\/types\/post"}],"author":[{"embeddable":true,"href":"https:\/\/cdnoticias.com\/index.php\/wp-json\/wp\/v2\/users\/2"}],"replies":[{"embeddable":true,"href":"https:\/\/cdnoticias.com\/index.php\/wp-json\/wp\/v2\/comments?post=179946"}],"version-history":[{"count":0,"href":"https:\/\/cdnoticias.com\/index.php\/wp-json\/wp\/v2\/posts\/179946\/revisions"}],"wp:featuredmedia":[{"embeddable":true,"href":"https:\/\/cdnoticias.com\/index.php\/wp-json\/wp\/v2\/media\/179947"}],"wp:attachment":[{"href":"https:\/\/cdnoticias.com\/index.php\/wp-json\/wp\/v2\/media?parent=179946"}],"wp:term":[{"taxonomy":"category","embeddable":true,"href":"https:\/\/cdnoticias.com\/index.php\/wp-json\/wp\/v2\/categories?post=179946"},{"taxonomy":"post_tag","embeddable":true,"href":"https:\/\/cdnoticias.com\/index.php\/wp-json\/wp\/v2\/tags?post=179946"}],"curies":[{"name":"wp","href":"https:\/\/api.w.org\/{rel}","templated":true}]}}